{"id":14647,"date":"2026-01-13T14:54:25","date_gmt":"2026-01-13T18:54:25","guid":{"rendered":"https:\/\/municipalidadchonchi.cl\/web\/?p=14647"},"modified":"2026-01-13T14:54:25","modified_gmt":"2026-01-13T18:54:25","slug":"expo-ovina-dara-inicio-a-la-nueva-temporada-de-fiestas-costumbristas-2026-en-la-comuna-de-chonchi","status":"publish","type":"post","link":"https:\/\/municipalidadchonchi.cl\/web\/expo-ovina-dara-inicio-a-la-nueva-temporada-de-fiestas-costumbristas-2026-en-la-comuna-de-chonchi\/","title":{"rendered":"\u201cEXPO OVINA\u201d DAR\u00c1 INICIO A LA NUEVA TEMPORADA DE FIESTAS COSTUMBRISTAS 2026 EN LA COMUNA DE CHONCHI."},"content":{"rendered":"<p>El Parque Municipal de Notuco se prepara para recibir este s\u00e1bado 17 y domingo 18 de enero a las miles de personas que se espera que lleguen para participar en la \u201cExpo Ovina\u201d, que organiza nuevamente la Municipalidad de Chonchi, a trav\u00e9s de la Direcci\u00f3n de Desarrollo Econ\u00f3mico Local, DIDEL en conjunto con la Agrupaci\u00f3n Ovina \u201cLos Manantiales\u201d.<\/p>\n<p>Se trata del evento que marcar\u00e1 el vamos a esta nueva temporada de fiestas costumbristas en la comuna, donde en esta 16 versi\u00f3n estar\u00e1 presente lo m\u00e1s variado de la gastronom\u00eda, artesan\u00eda, productores locales, folclor en vivo, stand de empresas del agro y muchas sorpresas m\u00e1s en un imperdible panorama para la familia.<\/p>\n<p>El alcalde de Chonchi, Fernando Oyarz\u00fan Mac\u00edas, puso en relieve la importancia de este evento que destaca la labor diaria del hombre y mujer del campo. \u201cEs una fiesta que ha ido creciendo cada a\u00f1o, convirti\u00e9ndose en un panorama imperdible a nivel provincial y porque no decirlo de la regi\u00f3n, gracias al apoyo del Honorable Concejo Municipal, los funcionarios municipales, INDAP, los funcionarios de los programas Prodesal y PDTI, los socios y socias de la Agrupaci\u00f3n Ovina \u201cLos Manantiales\u201d, los locatarios, artesanos, folcloristas, productores locales y del p\u00fablico que prefiere como destino Chonchi, lo cual se ha hecho palpable cada vez m\u00e1s\u201d, expres\u00f3 el jefe comunal.<\/p>\n<p>En este sentido, recientemente se realiz\u00f3 una actividad de terreno en el sector de Notuco, donde se revisaron las ovejas de uno de los usuarios de Prodesal, donde se desarrollaron algunos manejos sanitarios para que est\u00e9n en optimas condiciones durante la exposici\u00f3n de este fin de semana.<\/p>\n<p>Al respecto, Rodrigo Siebald, director de la Direcci\u00f3n de Desarrollo Econ\u00f3mico Local, DIDEL de la Municipalidad de Chonchi, indic\u00f3 que \u201cEstamos haciendo la invitaci\u00f3n como todos los a\u00f1os, donde para nosotros como comuna de Chonchi nuestra econom\u00eda se potencia en la parte ganadera, en la acu\u00edcola y tambi\u00e9n en la parte forestal. Esta va a hacer una feria como todos los a\u00f1os muy importante donde convocamos a mucha gente, a clubes deportivos, juntas de vecinos y una serie de organizaciones m\u00e1s que trabajan en el parque Municipal de Notuco, en una muy bonita actividad tanto para la gente que es de nuestra comuna, de Chilo\u00e9 y los turistas\u201d<\/p>\n<p>En tanto, Diego Palma, encargado de Fomento y Comercializaci\u00f3n de la, DIDEL, mencion\u00f3 que \u201cEste fin de semana habr\u00e1n m\u00e1s de 20 m\u00f3dulos de gastronom\u00eda para que puedan ir a degustar rica comida t\u00edpica, adem\u00e1s de 80 productores locales con artesan\u00eda, miel, vinagre de manzana, licores artesanales, folclor, faenas de esquila de oveja, a m\u00e1quina y tijer\u00f3n en un evento que es bastante familiar\u201d.<\/p>\n<p>Cabe se\u00f1alar que la apertura del Parque Municipal de Notuco durante este fin de semana en la \u201cExpo Ovina\u201d, ser\u00e1 desde las 11 horas en ambas jornadas.<\/p>\n<p>&nbsp;<\/p>\n<p>Chonchi, 12 de Enero de 2026<\/p>\n<p>Comunicaciones, Ilustre Municipalidad de Chonchi<\/p>\n","protected":false},"excerpt":{"rendered":"<p>El Parque Municipal de Notuco se prepara para recibir este s\u00e1bado 17 y domingo 18 de enero a las miles de personas que se espera que lleguen para participar en la \u201cExpo Ovina\u201d, que organiza nuevamente la Municipalidad de Chonchi, a trav\u00e9s de la Direcci\u00f3n de Desarrollo Econ\u00f3mico Local, DIDEL en conjunto con la Agrupaci\u00f3n Ovina \u201cLos Manantiales\u201d. Se trata del evento que marcar\u00e1 el vamos a esta nueva temporada de fiestas costumbristas en la comuna, donde en esta 16 versi\u00f3n estar\u00e1 presente lo m\u00e1s variado de la gastronom\u00eda, artesan\u00eda, productores locales, folclor en vivo, stand de empresas del agro y muchas sorpresas m\u00e1s en un imperdible panorama para la familia. El alcalde de Chonchi, Fernando Oyarz\u00fan Mac\u00edas, puso en relieve la importancia de este evento que destaca la labor diaria del hombre y mujer del campo. \u201cEs una fiesta que ha ido creciendo cada a\u00f1o, convirti\u00e9ndose en un panorama imperdible a nivel provincial y porque no decirlo de la regi\u00f3n, gracias al apoyo del Honorable Concejo Municipal, los funcionarios municipales, INDAP, los funcionarios de los programas Prodesal y PDTI, los socios y socias de la Agrupaci\u00f3n Ovina \u201cLos Manantiales\u201d, los locatarios, artesanos, folcloristas, productores locales y del p\u00fablico que prefiere como destino Chonchi, lo cual se ha hecho palpable cada vez m\u00e1s\u201d, expres\u00f3 el jefe comunal. En este sentido, recientemente se realiz\u00f3 una actividad de terreno en el sector de Notuco, donde se revisaron las ovejas de uno de los usuarios de Prodesal, donde se desarrollaron algunos manejos sanitarios para que est\u00e9n en optimas condiciones durante la exposici\u00f3n de este fin de semana. Al respecto, Rodrigo Siebald, director de la Direcci\u00f3n de Desarrollo Econ\u00f3mico Local, DIDEL de la Municipalidad de Chonchi, indic\u00f3 que \u201cEstamos haciendo la invitaci\u00f3n como todos los a\u00f1os, donde para nosotros como comuna de Chonchi nuestra econom\u00eda se potencia en la parte ganadera, en la acu\u00edcola y tambi\u00e9n en la parte forestal. Esta va a hacer una feria como todos los a\u00f1os muy importante donde convocamos a mucha gente, a clubes deportivos, juntas de vecinos y una serie de organizaciones m\u00e1s que trabajan en el parque Municipal de Notuco, en una muy bonita actividad tanto para la gente que es de nuestra comuna, de Chilo\u00e9 y los turistas\u201d En tanto, Diego Palma, encargado de Fomento y Comercializaci\u00f3n de la, DIDEL, mencion\u00f3 que \u201cEste fin de semana habr\u00e1n m\u00e1s de 20 m\u00f3dulos de gastronom\u00eda para que puedan ir a degustar rica comida t\u00edpica, adem\u00e1s de 80 productores locales con artesan\u00eda, miel, vinagre de manzana, licores artesanales, folclor, faenas de esquila de oveja, a m\u00e1quina y tijer\u00f3n en un evento que es bastante familiar\u201d. Cabe se\u00f1alar que la apertura del Parque Municipal de Notuco durante este fin de semana en la \u201cExpo Ovina\u201d, ser\u00e1 desde las 11 horas en ambas jornadas. &nbsp; Chonchi, 12 de Enero de 2026 Comunicaciones, Ilustre Municipalidad de Chonchi<\/p>\n","protected":false},"author":5,"featured_media":14648,"comment_status":"closed","ping_status":"open","sticky":false,"template":"","format":"gallery","meta":{"_acf_changed":false,"om_disable_all_campaigns":false,"_monsterinsights_skip_tracking":false,"_monsterinsights_sitenote_active":false,"_monsterinsights_sitenote_note":"","_monsterinsights_sitenote_category":0,"_jetpack_memberships_contains_paid_content":false,"footnotes":""},"categories":[181],"tags":[],"class_list":["post-14647","post","type-post","status-publish","format-gallery","has-post-thumbnail","hentry","category-actividad","post_format-post-format-gallery"],"acf":[],"aioseo_notices":[],"jetpack_featured_media_url":"https:\/\/municipalidadchonchi.cl\/web\/wp-content\/uploads\/2026\/01\/AFICHE-EXPO-OVINA.jpg","jetpack_sharing_enabled":true,"_links":{"self":[{"href":"https:\/\/municipalidadchonchi.cl\/web\/wp-json\/wp\/v2\/posts\/14647","targetHints":{"allow":["GET"]}}],"collection":[{"href":"https:\/\/municipalidadchonchi.cl\/web\/wp-json\/wp\/v2\/posts"}],"about":[{"href":"https:\/\/municipalidadchonchi.cl\/web\/wp-json\/wp\/v2\/types\/post"}],"author":[{"embeddable":true,"href":"https:\/\/municipalidadchonchi.cl\/web\/wp-json\/wp\/v2\/users\/5"}],"replies":[{"embeddable":true,"href":"https:\/\/municipalidadchonchi.cl\/web\/wp-json\/wp\/v2\/comments?post=14647"}],"version-history":[{"count":1,"href":"https:\/\/municipalidadchonchi.cl\/web\/wp-json\/wp\/v2\/posts\/14647\/revisions"}],"predecessor-version":[{"id":14651,"href":"https:\/\/municipalidadchonchi.cl\/web\/wp-json\/wp\/v2\/posts\/14647\/revisions\/14651"}],"wp:featuredmedia":[{"embeddable":true,"href":"https:\/\/municipalidadchonchi.cl\/web\/wp-json\/wp\/v2\/media\/14648"}],"wp:attachment":[{"href":"https:\/\/municipalidadchonchi.cl\/web\/wp-json\/wp\/v2\/media?parent=14647"}],"wp:term":[{"taxonomy":"category","embeddable":true,"href":"https:\/\/municipalidadchonchi.cl\/web\/wp-json\/wp\/v2\/categories?post=14647"},{"taxonomy":"post_tag","embeddable":true,"href":"https:\/\/municipalidadchonchi.cl\/web\/wp-json\/wp\/v2\/tags?post=14647"}],"curies":[{"name":"wp","href":"https:\/\/api.w.org\/{rel}","templated":true}]}}