{"id":16212,"date":"2026-04-29T16:53:42","date_gmt":"2026-04-29T20:53:42","guid":{"rendered":"https:\/\/municipalidadchonchi.cl\/web\/?p=16212"},"modified":"2026-04-29T16:53:42","modified_gmt":"2026-04-29T20:53:42","slug":"la-oficina-local-de-la-ninez-invita-al-conversatorio-de-la-1-academia-de-artes-escenicas","status":"publish","type":"post","link":"https:\/\/municipalidadchonchi.cl\/web\/la-oficina-local-de-la-ninez-invita-al-conversatorio-de-la-1-academia-de-artes-escenicas\/","title":{"rendered":"La Oficina Local de la Ni\u00f1ez, invita al conversatorio de la 1\u00b0 \u201cAcademia de Artes Esc\u00e9nicas\u201d"},"content":{"rendered":"<p>La Oficina Local de la Ni\u00f1ez, invita al conversatorio de la 1\u00b0 \u201cAcademia de Artes Esc\u00e9nicas\u201d, d\u00eda martes 5 de mayo, a las 18:00 horas, en el Teatro Municipal de Chonchi.<br \/>\nUna hermosa instancia de participaci\u00f3n para responder a las necesidades, inter\u00e9s y sue\u00f1os de nuestros ni\u00f1os, ni\u00f1as y adolescentes.<\/p>\n","protected":false},"excerpt":{"rendered":"<p>La Oficina Local de la Ni\u00f1ez, invita al conversatorio de la 1\u00b0 \u201cAcademia de Artes Esc\u00e9nicas\u201d, d\u00eda martes 5 de mayo, a las 18:00 horas, en el Teatro Municipal de Chonchi. Una hermosa instancia de participaci\u00f3n para responder a las necesidades, inter\u00e9s y sue\u00f1os de nuestros ni\u00f1os, ni\u00f1as y adolescentes.<\/p>\n","protected":false},"author":5,"featured_media":16213,"comment_status":"closed","ping_status":"open","sticky":false,"template":"","format":"standard","meta":{"_acf_changed":false,"om_disable_all_campaigns":false,"_monsterinsights_skip_tracking":false,"_monsterinsights_sitenote_active":false,"_monsterinsights_sitenote_note":"","_monsterinsights_sitenote_category":0,"_jetpack_memberships_contains_paid_content":false,"footnotes":""},"categories":[65],"tags":[],"class_list":["post-16212","post","type-post","status-publish","format-standard","has-post-thumbnail","hentry","category-noticias"],"acf":[],"aioseo_notices":[],"jetpack_featured_media_url":"https:\/\/municipalidadchonchi.cl\/web\/wp-content\/uploads\/2026\/04\/INVITACION.jpg","jetpack_sharing_enabled":true,"_links":{"self":[{"href":"https:\/\/municipalidadchonchi.cl\/web\/wp-json\/wp\/v2\/posts\/16212","targetHints":{"allow":["GET"]}}],"collection":[{"href":"https:\/\/municipalidadchonchi.cl\/web\/wp-json\/wp\/v2\/posts"}],"about":[{"href":"https:\/\/municipalidadchonchi.cl\/web\/wp-json\/wp\/v2\/types\/post"}],"author":[{"embeddable":true,"href":"https:\/\/municipalidadchonchi.cl\/web\/wp-json\/wp\/v2\/users\/5"}],"replies":[{"embeddable":true,"href":"https:\/\/municipalidadchonchi.cl\/web\/wp-json\/wp\/v2\/comments?post=16212"}],"version-history":[{"count":1,"href":"https:\/\/municipalidadchonchi.cl\/web\/wp-json\/wp\/v2\/posts\/16212\/revisions"}],"predecessor-version":[{"id":16214,"href":"https:\/\/municipalidadchonchi.cl\/web\/wp-json\/wp\/v2\/posts\/16212\/revisions\/16214"}],"wp:featuredmedia":[{"embeddable":true,"href":"https:\/\/municipalidadchonchi.cl\/web\/wp-json\/wp\/v2\/media\/16213"}],"wp:attachment":[{"href":"https:\/\/municipalidadchonchi.cl\/web\/wp-json\/wp\/v2\/media?parent=16212"}],"wp:term":[{"taxonomy":"category","embeddable":true,"href":"https:\/\/municipalidadchonchi.cl\/web\/wp-json\/wp\/v2\/categories?post=16212"},{"taxonomy":"post_tag","embeddable":true,"href":"https:\/\/municipalidadchonchi.cl\/web\/wp-json\/wp\/v2\/tags?post=16212"}],"curies":[{"name":"wp","href":"https:\/\/api.w.org\/{rel}","templated":true}]}}