{"id":16236,"date":"2026-04-30T15:07:14","date_gmt":"2026-04-30T19:07:14","guid":{"rendered":"https:\/\/municipalidadchonchi.cl\/web\/?p=16236"},"modified":"2026-04-30T15:07:14","modified_gmt":"2026-04-30T19:07:14","slug":"chonchi-fue-sede-de-encuentro-empresarial-red-territorial-chiloe-sur-organizado-por-la-omil-del-municipio","status":"publish","type":"post","link":"https:\/\/municipalidadchonchi.cl\/web\/chonchi-fue-sede-de-encuentro-empresarial-red-territorial-chiloe-sur-organizado-por-la-omil-del-municipio\/","title":{"rendered":"Chonchi fue sede de \u201cEncuentro Empresarial\u201d Red Territorial Chilo\u00e9 Sur organizado por la OMIL del Municipio."},"content":{"rendered":"<p>Chonchi fue sede del \u201cEncuentro Empresarial\u201d, organizado por la OMIL del municipio y que forma parte de la Red Territorial Chilo\u00e9 Sur.<\/p>\n<p>La actividad que cont\u00f3 con la presencia del SENCE, a trav\u00e9s de Mauricio Barrionuevo, encargado de empleo y empresas, atenci\u00f3n ciudadana y Javiera Mansilla, del departamento de empleo y empresas de este mismo servicio, tuvo como objetivo dar a conocer los distintos programas y beneficios vigentes destinados a las empresas, como una forma de fortalecer el v\u00ednculo entre el sector p\u00fablico y privado.<\/p>\n<p>Andrea Bilbao, ejecutiva de atenci\u00f3n a empresas de la Oficina de Interminaci\u00f3n Laboral, OMIL de Chonchi, entreg\u00f3 un positivo balance de la jornada, como tambi\u00e9n agradeci\u00f3 la presencia del SENCE regional y a las empresas que participaron. \u201cAgradecer al SENCE regional por haber estado acompa\u00f1\u00e1ndonos en esta actividad y a cada una de las empresas, para conocer m\u00e1s que nada cuales son los beneficios a los cuales pueden acceder, adem\u00e1s se dio la instancia con los colegas de las otras OMIL de realizar un conversatorio de todas las tem\u00e1ticas y programas del SENCE, por lo que el balance es positivo\u201d.<\/p>\n<p>Mauricio Barrionuevo, encargado de empleo y empresas, atenci\u00f3n ciudadana a nivel regional del SENCE, agradeci\u00f3 al Municipio de Chonchi, a trav\u00e9s de su OMIL por haber organizado este importante encuentro. \u201cAgradecer al Municipio de Chonchi, espec\u00edficamente a la OMIL que gestion\u00f3 este encuentro con las diferentes empresas y actores relevantes de la intermediaci\u00f3n laboral como la comuna de Queilen, Quell\u00f3n y Puqueld\u00f3n y las tem\u00e1ticas, porque es muy importante que las empresas puedan participar de este tipo de actividades, quit\u00e1ndole el tiempo super necesario para ellos, por lo que se les agradece a las estuvieron presentes en esta oportunidad\u201d.<\/p>\n<p>Marcia Loncochino, representante legal de la empresa Gama Food y Local Food Spa DE Chonchi, valor\u00f3 esta importante instancia organizada por el Municipio. \u201cPara nosotros es maravilloso ser parte de este encuentro de empresarios, por lo que agradecemos a la OMIL por la consideraci\u00f3n. Es una buena instancia para ver los beneficios que nos entrega el SENCE, las capacitaciones y todo eso\u201d.<\/p>\n<p>Por su parte, Nicole Cisterna, analista de personas de Aqua Chile-planta Chonchi, tambi\u00e9n valor\u00f3 la realizaci\u00f3n de este encuentro. \u201cEncuentro una muy buena instancia donde nos reunimos con empresas colegas hermanas y donde compartimos temas de reclutamiento algo muy vital, como tambi\u00e9n el empleo juvenil\u201d.<\/p>\n<p>Cabe se\u00f1alar que en esta ocasi\u00f3n estuvieron presente el director de Desarrollo Econ\u00f3mico Local, DIDEL, Rodrigo Siebald, los funcionarios de la OMIL de Chonchi y de las comunas de Puqueld\u00f3n, Queilen y Quell\u00f3n y las empresas locales: productos Mar del Sur-planta Chonchi, Destiler\u00eda Archipi\u00e9lago, Mar\u00eda Elena Espejo, transporte, Camanchaca Rauco, Naviera Vergara, Salmones de Chile, Gama Food, entre otras.<\/p>\n<p>&nbsp;<\/p>\n<p>Chonchi, 30 de Abril de 2026<\/p>\n<p>Comunicaciones, Ilustre Municipalidad de Chonchi<\/p>\n","protected":false},"excerpt":{"rendered":"<p>Chonchi fue sede del \u201cEncuentro Empresarial\u201d, organizado por la OMIL del municipio y que forma parte de la Red Territorial Chilo\u00e9 Sur. La actividad que cont\u00f3 con la presencia del SENCE, a trav\u00e9s de Mauricio Barrionuevo, encargado de empleo y empresas, atenci\u00f3n ciudadana y Javiera Mansilla, del departamento de empleo y empresas de este mismo servicio, tuvo como objetivo dar a conocer los distintos programas y beneficios vigentes destinados a las empresas, como una forma de fortalecer el v\u00ednculo entre el sector p\u00fablico y privado. Andrea Bilbao, ejecutiva de atenci\u00f3n a empresas de la Oficina de Interminaci\u00f3n Laboral, OMIL de Chonchi, entreg\u00f3 un positivo balance de la jornada, como tambi\u00e9n agradeci\u00f3 la presencia del SENCE regional y a las empresas que participaron. \u201cAgradecer al SENCE regional por haber estado acompa\u00f1\u00e1ndonos en esta actividad y a cada una de las empresas, para conocer m\u00e1s que nada cuales son los beneficios a los cuales pueden acceder, adem\u00e1s se dio la instancia con los colegas de las otras OMIL de realizar un conversatorio de todas las tem\u00e1ticas y programas del SENCE, por lo que el balance es positivo\u201d. Mauricio Barrionuevo, encargado de empleo y empresas, atenci\u00f3n ciudadana a nivel regional del SENCE, agradeci\u00f3 al Municipio de Chonchi, a trav\u00e9s de su OMIL por haber organizado este importante encuentro. \u201cAgradecer al Municipio de Chonchi, espec\u00edficamente a la OMIL que gestion\u00f3 este encuentro con las diferentes empresas y actores relevantes de la intermediaci\u00f3n laboral como la comuna de Queilen, Quell\u00f3n y Puqueld\u00f3n y las tem\u00e1ticas, porque es muy importante que las empresas puedan participar de este tipo de actividades, quit\u00e1ndole el tiempo super necesario para ellos, por lo que se les agradece a las estuvieron presentes en esta oportunidad\u201d. Marcia Loncochino, representante legal de la empresa Gama Food y Local Food Spa DE Chonchi, valor\u00f3 esta importante instancia organizada por el Municipio. \u201cPara nosotros es maravilloso ser parte de este encuentro de empresarios, por lo que agradecemos a la OMIL por la consideraci\u00f3n. Es una buena instancia para ver los beneficios que nos entrega el SENCE, las capacitaciones y todo eso\u201d. Por su parte, Nicole Cisterna, analista de personas de Aqua Chile-planta Chonchi, tambi\u00e9n valor\u00f3 la realizaci\u00f3n de este encuentro. \u201cEncuentro una muy buena instancia donde nos reunimos con empresas colegas hermanas y donde compartimos temas de reclutamiento algo muy vital, como tambi\u00e9n el empleo juvenil\u201d. Cabe se\u00f1alar que en esta ocasi\u00f3n estuvieron presente el director de Desarrollo Econ\u00f3mico Local, DIDEL, Rodrigo Siebald, los funcionarios de la OMIL de Chonchi y de las comunas de Puqueld\u00f3n, Queilen y Quell\u00f3n y las empresas locales: productos Mar del Sur-planta Chonchi, Destiler\u00eda Archipi\u00e9lago, Mar\u00eda Elena Espejo, transporte, Camanchaca Rauco, Naviera Vergara, Salmones de Chile, Gama Food, entre otras. &nbsp; Chonchi, 30 de Abril de 2026 Comunicaciones, Ilustre Municipalidad de Chonchi<\/p>\n","protected":false},"author":5,"featured_media":16237,"comment_status":"closed","ping_status":"open","sticky":false,"template":"","format":"gallery","meta":{"_acf_changed":false,"om_disable_all_campaigns":false,"_monsterinsights_skip_tracking":false,"_monsterinsights_sitenote_active":false,"_monsterinsights_sitenote_note":"","_monsterinsights_sitenote_category":0,"_jetpack_memberships_contains_paid_content":false,"footnotes":""},"categories":[65],"tags":[],"class_list":["post-16236","post","type-post","status-publish","format-gallery","has-post-thumbnail","hentry","category-noticias","post_format-post-format-gallery"],"acf":[],"aioseo_notices":[],"jetpack_featured_media_url":"https:\/\/municipalidadchonchi.cl\/web\/wp-content\/uploads\/2026\/04\/FOTO-GRUPAL-OMIL.jpg","jetpack_sharing_enabled":true,"_links":{"self":[{"href":"https:\/\/municipalidadchonchi.cl\/web\/wp-json\/wp\/v2\/posts\/16236","targetHints":{"allow":["GET"]}}],"collection":[{"href":"https:\/\/municipalidadchonchi.cl\/web\/wp-json\/wp\/v2\/posts"}],"about":[{"href":"https:\/\/municipalidadchonchi.cl\/web\/wp-json\/wp\/v2\/types\/post"}],"author":[{"embeddable":true,"href":"https:\/\/municipalidadchonchi.cl\/web\/wp-json\/wp\/v2\/users\/5"}],"replies":[{"embeddable":true,"href":"https:\/\/municipalidadchonchi.cl\/web\/wp-json\/wp\/v2\/comments?post=16236"}],"version-history":[{"count":1,"href":"https:\/\/municipalidadchonchi.cl\/web\/wp-json\/wp\/v2\/posts\/16236\/revisions"}],"predecessor-version":[{"id":16244,"href":"https:\/\/municipalidadchonchi.cl\/web\/wp-json\/wp\/v2\/posts\/16236\/revisions\/16244"}],"wp:featuredmedia":[{"embeddable":true,"href":"https:\/\/municipalidadchonchi.cl\/web\/wp-json\/wp\/v2\/media\/16237"}],"wp:attachment":[{"href":"https:\/\/municipalidadchonchi.cl\/web\/wp-json\/wp\/v2\/media?parent=16236"}],"wp:term":[{"taxonomy":"category","embeddable":true,"href":"https:\/\/municipalidadchonchi.cl\/web\/wp-json\/wp\/v2\/categories?post=16236"},{"taxonomy":"post_tag","embeddable":true,"href":"https:\/\/municipalidadchonchi.cl\/web\/wp-json\/wp\/v2\/tags?post=16236"}],"curies":[{"name":"wp","href":"https:\/\/api.w.org\/{rel}","templated":true}]}}