{"id":17550,"date":"2026-09-01T11:33:19","date_gmt":"2026-09-01T15:33:19","guid":{"rendered":"https:\/\/municipalidadchonchi.cl\/web\/?p=17550"},"modified":"2026-09-01T11:33:19","modified_gmt":"2026-09-01T15:33:19","slug":"chonchi-fue-escenario-de-emotiva-jornada-por-el-bicentenario-de-chiloe-y-lanzamiento-del-concurso-para-crear-su-primera-bandera","status":"publish","type":"post","link":"https:\/\/municipalidadchonchi.cl\/web\/chonchi-fue-escenario-de-emotiva-jornada-por-el-bicentenario-de-chiloe-y-lanzamiento-del-concurso-para-crear-su-primera-bandera\/","title":{"rendered":"Chonchi fue escenario de emotiva jornada por el Bicentenario de Chilo\u00e9 y lanzamiento del concurso para crear su primera bandera"},"content":{"rendered":"<p>En el marco de la conmemoraci\u00f3n de los 200 a\u00f1os de la creaci\u00f3n de la Provincia de Chilo\u00e9, la comuna de Chonchi fue escenario de una significativa jornada cultural y patrimonial, que estuvo encabezada por el gobernador regional de Los Lagos, Alejandra Santana Tirachini y el alcalde Fernando Oyarz\u00fan Mac\u00edas.<\/p>\n<p>La actividad tambi\u00e9n cont\u00f3 con la presencia de los consejeros regionales por Chilo\u00e9, Nelson \u00c1guila y Julio Sanzana, el delegado presidencial provincial, Fernando B\u00f3rquez, el presidente de la Asociaci\u00f3n de municipios de la provincia y alcalde de Quinchao, Ren\u00e9 Garces, el alcalde de Puqueld\u00f3n, Alejandro C\u00e1rdenas, el alcalde de Castro, Baltazar Elgueta, el alcalde de Quemchi, Javier Ugarte y los concejales de Chonchi, Humberto \u00c1guila, Carola Chamia y Sergio Villarroel.<\/p>\n<p>La instancia desarrollada este domingo en el gimnasio de la escuela San Carlos, estuvo marcada por la presentaci\u00f3n de la Orquesta Filarm\u00f3nica Municipal de Chonchi y sus coros, quienes ofrecieron una destacada puesta en escena vinculada a la historia, cultura e identidad del archipi\u00e9lago, en una fecha especialmente significativa para Chilo\u00e9.<\/p>\n<p>Durante la jornada tambi\u00e9n se realiz\u00f3 oficialmente el lanzamiento de las bases del concurso para la creaci\u00f3n de la primera bandera de Chilo\u00e9, iniciativa impulsada en el contexto de la conmemoraci\u00f3n del Bicentenario y que busca crear un s\u00edmbolo representativo para todos los habitantes del archipi\u00e9lago.<\/p>\n<p>El alcalde de Chonchi, Fernando Oyarz\u00fan Mac\u00edas, destac\u00f3 la importancia de continuar visibilizando el talento local y generar nuevas oportunidades de participaci\u00f3n para la comunidad.<\/p>\n<p>\u201cHay talento importante que hay que seguir visibilizando y hay que seguir dando oportunidades. Estas bases que se presentan son tambi\u00e9n un motivo de oportunidad, de participar y de sentirse parte de todo esto, porque tenemos un pasado, un presente y un futuro que debemos construir entre todos\u201d, se\u00f1al\u00f3.<\/p>\n<p>La autoridad comunal tambi\u00e9n valor\u00f3 el trabajo desarrollado por la Orquesta Filarm\u00f3nica Municipal de Chonchi, destacando la calidad art\u00edstica de la presentaci\u00f3n y el compromiso de m\u00fasicos, coros, padres, apoderados y todas las personas que fueron parte de esta importante actividad.<\/p>\n<p>Por su parte, el Gobernador Regional destac\u00f3 la presentaci\u00f3n art\u00edstica realizada en Chonchi y se\u00f1al\u00f3 que el lanzamiento del concurso representa un importante hito para fortalecer la identidad del territorio.<\/p>\n<p>\u201cPrimer felicitar a la Orquesta Filarm\u00f3nica Municipal, por la tremenda obra que nos han presentado vinculante al Bicentenario de Chilo\u00e9 y con respecto al lanzamiento de este concurso, podemos decir que, lo que busca esta iniciativa es tener un s\u00edmbolo que nos represente no solamente en Chilo\u00e9, sino que en todo el mundo, es por eso que desde el Gobierno regional con la Asociaci\u00f3n de los diez municipios de Chilo\u00e9 estamos absolutamente comprometidos con este proceso. Agradecer entre ellos a Felipe Montiel, que hace el aporte de la cultura y obviamente el \u00e1rea t\u00e9cnica de lo que va a significar este hito\u00a0 para nuestra querida isla\u201d, expres\u00f3.<\/p>\n<p>La creaci\u00f3n de una bandera para el archipi\u00e9lago ser\u00e1 un proceso participativo que se desarrollar\u00e1 durante los pr\u00f3ximos meses, contemplando distintas etapas y la participaci\u00f3n de la comunidad de las diez comunas de la provincia.<\/p>\n<p>El objetivo es contar con una propuesta que represente la historia, identidad, cultura y proyecci\u00f3n futura de Chilo\u00e9, en un proceso que busca ser validado por sus propios habitantes.<\/p>\n<p>Las autoridades coincidieron en que esta iniciativa representa, adem\u00e1s, un llamado a la unidad de todos quienes forman parte del archipi\u00e9lago, m\u00e1s all\u00e1 de las diferencias, poniendo en valor aquello que une a los chilotes y a las futuras generaciones.<\/p>\n<p>La expectativa es que durante diciembre se pueda contar con la propuesta seleccionada y que la nueva bandera pueda ser izada por primera vez en enero, en el marco de las actividades de cierre del a\u00f1o del Bicentenario de Chilo\u00e9.<\/p>\n<p>Durante la ceremonia, el Municipio de Chonchi realiz\u00f3 un especial reconocimiento al gobernador regional, Alejandro Santana, por su importante liderazgo y compromiso permanente con el quehacer cultural de nuestra provincia.<\/p>\n<p>La jornada desarrollada en Chonchi dej\u00f3 as\u00ed un mensaje de unidad, identidad y participaci\u00f3n, acompa\u00f1ado por el talento de ni\u00f1os, ni\u00f1as y j\u00f3venes que, a trav\u00e9s de la m\u00fasica, dieron un marco especial a una fecha hist\u00f3rica para todo el Archipi\u00e9lago de Chilo\u00e9.<\/p>\n<p>&nbsp;<\/p>\n<p>Chonchi, 31 de Agosto de 2026<\/p>\n<p>Comunicaciones, Ilustre Municipalidad de Chonchi<\/p>\n","protected":false},"excerpt":{"rendered":"<p>En el marco de la conmemoraci\u00f3n de los 200 a\u00f1os de la creaci\u00f3n de la Provincia de Chilo\u00e9, la comuna de Chonchi fue escenario de una significativa jornada cultural y patrimonial, que estuvo encabezada por el gobernador regional de Los Lagos, Alejandra Santana Tirachini y el alcalde Fernando Oyarz\u00fan Mac\u00edas. La actividad tambi\u00e9n cont\u00f3 con [&hellip;]<\/p>\n","protected":false},"author":5,"featured_media":17553,"comment_status":"closed","ping_status":"open","sticky":false,"template":"","format":"gallery","meta":{"_acf_changed":false,"_jetpack_newsletter_access":"","_jetpack_dont_email_post_to_subs":false,"_jetpack_newsletter_tier_id":0,"_jetpack_memberships_contains_paywalled_content":false,"_jetpack_memberships_contains_paid_content":false,"footnotes":""},"categories":[65],"tags":[],"class_list":["post-17550","post","type-post","status-publish","format-gallery","has-post-thumbnail","hentry","category-noticias","post_format-post-format-gallery"],"acf":[],"aioseo_notices":[],"aioseo_head":"\n\t\t<!-- All in One SEO 5.0.1.1 - aioseo.com -->\n\t<meta name=\"description\" content=\"En el marco de la conmemoraci\u00f3n de los 200 a\u00f1os de la creaci\u00f3n de la Provincia de Chilo\u00e9, la comuna de Chonchi fue escenario de una significativa jornada cultural y patrimonial, que estuvo encabezada por el gobernador regional de Los Lagos, Alejandra Santana Tirachini y el alcalde Fernando Oyarz\u00fan Mac\u00edas. La actividad tambi\u00e9n cont\u00f3 con\" \/>\n\t<meta name=\"robots\" content=\"max-image-preview:large\" \/>\n\t<meta name=\"author\" content=\"Emilio Soto Andrade\"\/>\n\t<link rel=\"canonical\" href=\"https:\/\/municipalidadchonchi.cl\/web\/chonchi-fue-escenario-de-emotiva-jornada-por-el-bicentenario-de-chiloe-y-lanzamiento-del-concurso-para-crear-su-primera-bandera\/\" \/>\n\t<meta name=\"generator\" content=\"All in One SEO (AIOSEO) 5.0.1.1\" \/>\n\t\t<meta property=\"og:locale\" content=\"es_ES\" \/>\n\t\t<meta property=\"og:site_name\" content=\"Ilustre Municipalidad de Chonchi \u00bb Portal Municipal\" \/>\n\t\t<meta property=\"og:type\" content=\"article\" \/>\n\t\t<meta property=\"og:title\" content=\"Chonchi fue escenario de emotiva jornada por el Bicentenario de Chilo\u00e9 y lanzamiento del concurso para crear su primera bandera \u00bb Ilustre Municipalidad de Chonchi\" \/>\n\t\t<meta property=\"og:description\" content=\"En el marco de la conmemoraci\u00f3n de los 200 a\u00f1os de la creaci\u00f3n de la Provincia de Chilo\u00e9, la comuna de Chonchi fue escenario de una significativa jornada cultural y patrimonial, que estuvo encabezada por el gobernador regional de Los Lagos, Alejandra Santana Tirachini y el alcalde Fernando Oyarz\u00fan Mac\u00edas. La actividad tambi\u00e9n cont\u00f3 con\" \/>\n\t\t<meta property=\"og:url\" content=\"https:\/\/municipalidadchonchi.cl\/web\/chonchi-fue-escenario-de-emotiva-jornada-por-el-bicentenario-de-chiloe-y-lanzamiento-del-concurso-para-crear-su-primera-bandera\/\" \/>\n\t\t<meta property=\"og:image\" content=\"https:\/\/municipalidadchonchi.cl\/web\/wp-content\/uploads\/2026\/09\/6-LANZAMIENTO-CONCURSO-BANDERA-DE-CHILOE.webp\" \/>\n\t\t<meta property=\"og:image:secure_url\" content=\"https:\/\/municipalidadchonchi.cl\/web\/wp-content\/uploads\/2026\/09\/6-LANZAMIENTO-CONCURSO-BANDERA-DE-CHILOE.webp\" \/>\n\t\t<meta property=\"og:image:width\" content=\"1600\" \/>\n\t\t<meta property=\"og:image:height\" content=\"1067\" \/>\n\t\t<meta property=\"article:published_time\" content=\"2026-09-01T15:33:19+00:00\" \/>\n\t\t<meta property=\"article:modified_time\" content=\"2026-09-01T15:33:19+00:00\" \/>\n\t\t<meta property=\"article:publisher\" content=\"https:\/\/www.facebook.com\/municipalidadchonchi\" \/>\n\t\t<meta name=\"twitter:card\" content=\"summary\" \/>\n\t\t<meta name=\"twitter:title\" content=\"Chonchi fue escenario de emotiva jornada por el Bicentenario de Chilo\u00e9 y lanzamiento del concurso para crear su primera bandera \u00bb Ilustre Municipalidad de Chonchi\" \/>\n\t\t<meta name=\"twitter:description\" content=\"En el marco de la conmemoraci\u00f3n de los 200 a\u00f1os de la creaci\u00f3n de la Provincia de Chilo\u00e9, la comuna de Chonchi fue escenario de una significativa jornada cultural y patrimonial, que estuvo encabezada por el gobernador regional de Los Lagos, Alejandra Santana Tirachini y el alcalde Fernando Oyarz\u00fan Mac\u00edas. La actividad tambi\u00e9n cont\u00f3 con\" \/>\n\t\t<meta name=\"twitter:image\" content=\"https:\/\/municipalidadchonchi.cl\/web\/wp-content\/uploads\/2026\/09\/6-LANZAMIENTO-CONCURSO-BANDERA-DE-CHILOE.webp\" \/>\n\t\t<script type=\"application\/ld+json\" class=\"aioseo-schema\">\n\t\t\t{\"@context\":\"https:\\\/\\\/schema.org\",\"@graph\":[{\"@type\":\"BlogPosting\",\"@id\":\"https:\\\/\\\/municipalidadchonchi.cl\\\/web\\\/chonchi-fue-escenario-de-emotiva-jornada-por-el-bicentenario-de-chiloe-y-lanzamiento-del-concurso-para-crear-su-primera-bandera\\\/#blogposting\",\"name\":\"Chonchi fue escenario de emotiva jornada por el Bicentenario de Chilo\\u00e9 y lanzamiento del concurso para crear su primera bandera \\u00bb Ilustre Municipalidad de Chonchi\",\"headline\":\"Chonchi fue escenario de emotiva jornada por el Bicentenario de Chilo\\u00e9 y lanzamiento del concurso para crear su primera bandera\",\"author\":{\"@id\":\"https:\\\/\\\/municipalidadchonchi.cl\\\/web\\\/author\\\/esoto\\\/#author\"},\"publisher\":{\"@id\":\"https:\\\/\\\/municipalidadchonchi.cl\\\/web\\\/#organization\"},\"image\":{\"@type\":\"ImageObject\",\"url\":\"https:\\\/\\\/municipalidadchonchi.cl\\\/web\\\/wp-content\\\/uploads\\\/2026\\\/09\\\/6-LANZAMIENTO-CONCURSO-BANDERA-DE-CHILOE.webp\",\"width\":1600,\"height\":1067,\"caption\":\"LANZAMIENTO CONCURSO BANDERA DE CHILOE\"},\"datePublished\":\"2026-09-01T11:33:19-04:00\",\"dateModified\":\"2026-09-01T11:33:19-04:00\",\"inLanguage\":\"es-ES\",\"mainEntityOfPage\":{\"@id\":\"https:\\\/\\\/municipalidadchonchi.cl\\\/web\\\/chonchi-fue-escenario-de-emotiva-jornada-por-el-bicentenario-de-chiloe-y-lanzamiento-del-concurso-para-crear-su-primera-bandera\\\/#webpage\"},\"isPartOf\":{\"@id\":\"https:\\\/\\\/municipalidadchonchi.cl\\\/web\\\/chonchi-fue-escenario-de-emotiva-jornada-por-el-bicentenario-de-chiloe-y-lanzamiento-del-concurso-para-crear-su-primera-bandera\\\/#webpage\"},\"articleSection\":\"Noticias, Galer\\u00eda\"},{\"@type\":\"BreadcrumbList\",\"@id\":\"https:\\\/\\\/municipalidadchonchi.cl\\\/web\\\/chonchi-fue-escenario-de-emotiva-jornada-por-el-bicentenario-de-chiloe-y-lanzamiento-del-concurso-para-crear-su-primera-bandera\\\/#breadcrumblist\",\"itemListElement\":[{\"@type\":\"ListItem\",\"@id\":\"https:\\\/\\\/municipalidadchonchi.cl\\\/web#listItem\",\"position\":1,\"name\":\"Inicio\",\"item\":\"https:\\\/\\\/municipalidadchonchi.cl\\\/web\",\"nextItem\":{\"@type\":\"ListItem\",\"@id\":\"https:\\\/\\\/municipalidadchonchi.cl\\\/web\\\/secciones\\\/noticias\\\/#listItem\",\"name\":\"Noticias\"}},{\"@type\":\"ListItem\",\"@id\":\"https:\\\/\\\/municipalidadchonchi.cl\\\/web\\\/secciones\\\/noticias\\\/#listItem\",\"position\":2,\"name\":\"Noticias\",\"item\":\"https:\\\/\\\/municipalidadchonchi.cl\\\/web\\\/secciones\\\/noticias\\\/\",\"nextItem\":{\"@type\":\"ListItem\",\"@id\":\"https:\\\/\\\/municipalidadchonchi.cl\\\/web\\\/chonchi-fue-escenario-de-emotiva-jornada-por-el-bicentenario-de-chiloe-y-lanzamiento-del-concurso-para-crear-su-primera-bandera\\\/#listItem\",\"name\":\"Chonchi fue escenario de emotiva jornada por el Bicentenario de Chilo\\u00e9 y lanzamiento del concurso para crear su primera bandera\"},\"previousItem\":{\"@type\":\"ListItem\",\"@id\":\"https:\\\/\\\/municipalidadchonchi.cl\\\/web#listItem\",\"name\":\"Inicio\"}},{\"@type\":\"ListItem\",\"@id\":\"https:\\\/\\\/municipalidadchonchi.cl\\\/web\\\/chonchi-fue-escenario-de-emotiva-jornada-por-el-bicentenario-de-chiloe-y-lanzamiento-del-concurso-para-crear-su-primera-bandera\\\/#listItem\",\"position\":3,\"name\":\"Chonchi fue escenario de emotiva jornada por el Bicentenario de Chilo\\u00e9 y lanzamiento del concurso para crear su primera bandera\",\"previousItem\":{\"@type\":\"ListItem\",\"@id\":\"https:\\\/\\\/municipalidadchonchi.cl\\\/web\\\/secciones\\\/noticias\\\/#listItem\",\"name\":\"Noticias\"}}]},{\"@type\":\"Organization\",\"@id\":\"https:\\\/\\\/municipalidadchonchi.cl\\\/web\\\/#organization\",\"name\":\"Ilustre Municipalidad de Chonchi\",\"description\":\"Portal Municipal\",\"url\":\"https:\\\/\\\/municipalidadchonchi.cl\\\/web\\\/\",\"logo\":{\"@type\":\"ImageObject\",\"url\":\"https:\\\/\\\/municipalidadchonchi.cl\\\/web\\\/wp-content\\\/uploads\\\/2020\\\/07\\\/logo-municipalidad-de-chonchi.png\",\"@id\":\"https:\\\/\\\/municipalidadchonchi.cl\\\/web\\\/chonchi-fue-escenario-de-emotiva-jornada-por-el-bicentenario-de-chiloe-y-lanzamiento-del-concurso-para-crear-su-primera-bandera\\\/#organizationLogo\",\"width\":500,\"height\":150},\"image\":{\"@id\":\"https:\\\/\\\/municipalidadchonchi.cl\\\/web\\\/chonchi-fue-escenario-de-emotiva-jornada-por-el-bicentenario-de-chiloe-y-lanzamiento-del-concurso-para-crear-su-primera-bandera\\\/#organizationLogo\"},\"sameAs\":[\"https:\\\/\\\/www.facebook.com\\\/municipalidadchonchi\",\"https:\\\/\\\/www.instagram.com\\\/municipalidadchonchi\\\/\"]},{\"@type\":\"Person\",\"@id\":\"https:\\\/\\\/municipalidadchonchi.cl\\\/web\\\/author\\\/esoto\\\/#author\",\"url\":\"https:\\\/\\\/municipalidadchonchi.cl\\\/web\\\/author\\\/esoto\\\/\",\"name\":\"Emilio Soto Andrade\",\"image\":{\"@type\":\"ImageObject\",\"@id\":\"https:\\\/\\\/municipalidadchonchi.cl\\\/web\\\/chonchi-fue-escenario-de-emotiva-jornada-por-el-bicentenario-de-chiloe-y-lanzamiento-del-concurso-para-crear-su-primera-bandera\\\/#authorImage\",\"url\":\"https:\\\/\\\/secure.gravatar.com\\\/avatar\\\/fef1e05c5e58ff0154bd232e0126480ed6cab73a273c826f87614514e7c6024d?s=96&d=mm&r=g\",\"width\":96,\"height\":96,\"caption\":\"Emilio Soto Andrade\"}},{\"@type\":\"WebPage\",\"@id\":\"https:\\\/\\\/municipalidadchonchi.cl\\\/web\\\/chonchi-fue-escenario-de-emotiva-jornada-por-el-bicentenario-de-chiloe-y-lanzamiento-del-concurso-para-crear-su-primera-bandera\\\/#webpage\",\"url\":\"https:\\\/\\\/municipalidadchonchi.cl\\\/web\\\/chonchi-fue-escenario-de-emotiva-jornada-por-el-bicentenario-de-chiloe-y-lanzamiento-del-concurso-para-crear-su-primera-bandera\\\/\",\"name\":\"Chonchi fue escenario de emotiva jornada por el Bicentenario de Chilo\\u00e9 y lanzamiento del concurso para crear su primera bandera \\u00bb Ilustre Municipalidad de Chonchi\",\"description\":\"En el marco de la conmemoraci\\u00f3n de los 200 a\\u00f1os de la creaci\\u00f3n de la Provincia de Chilo\\u00e9, la comuna de Chonchi fue escenario de una significativa jornada cultural y patrimonial, que estuvo encabezada por el gobernador regional de Los Lagos, Alejandra Santana Tirachini y el alcalde Fernando Oyarz\\u00fan Mac\\u00edas. La actividad tambi\\u00e9n cont\\u00f3 con\",\"inLanguage\":\"es-ES\",\"isPartOf\":{\"@id\":\"https:\\\/\\\/municipalidadchonchi.cl\\\/web\\\/#website\"},\"breadcrumb\":{\"@id\":\"https:\\\/\\\/municipalidadchonchi.cl\\\/web\\\/chonchi-fue-escenario-de-emotiva-jornada-por-el-bicentenario-de-chiloe-y-lanzamiento-del-concurso-para-crear-su-primera-bandera\\\/#breadcrumblist\"},\"author\":{\"@id\":\"https:\\\/\\\/municipalidadchonchi.cl\\\/web\\\/author\\\/esoto\\\/#author\"},\"creator\":{\"@id\":\"https:\\\/\\\/municipalidadchonchi.cl\\\/web\\\/author\\\/esoto\\\/#author\"},\"image\":{\"@type\":\"ImageObject\",\"url\":\"https:\\\/\\\/municipalidadchonchi.cl\\\/web\\\/wp-content\\\/uploads\\\/2026\\\/09\\\/6-LANZAMIENTO-CONCURSO-BANDERA-DE-CHILOE.webp\",\"@id\":\"https:\\\/\\\/municipalidadchonchi.cl\\\/web\\\/chonchi-fue-escenario-de-emotiva-jornada-por-el-bicentenario-de-chiloe-y-lanzamiento-del-concurso-para-crear-su-primera-bandera\\\/#mainImage\",\"width\":1600,\"height\":1067,\"caption\":\"LANZAMIENTO CONCURSO BANDERA DE CHILOE\"},\"primaryImageOfPage\":{\"@id\":\"https:\\\/\\\/municipalidadchonchi.cl\\\/web\\\/chonchi-fue-escenario-de-emotiva-jornada-por-el-bicentenario-de-chiloe-y-lanzamiento-del-concurso-para-crear-su-primera-bandera\\\/#mainImage\"},\"datePublished\":\"2026-09-01T11:33:19-04:00\",\"dateModified\":\"2026-09-01T11:33:19-04:00\"},{\"@type\":\"WebSite\",\"@id\":\"https:\\\/\\\/municipalidadchonchi.cl\\\/web\\\/#website\",\"url\":\"https:\\\/\\\/municipalidadchonchi.cl\\\/web\\\/\",\"name\":\"Ilustre Municipalidad de Chonchi\",\"alternateName\":\"Municipalidad de Chonchi\",\"description\":\"Portal Municipal\",\"inLanguage\":\"es-ES\",\"publisher\":{\"@id\":\"https:\\\/\\\/municipalidadchonchi.cl\\\/web\\\/#organization\"}}]}\n\t\t<\/script>\n\t\t<!-- All in One SEO -->\n\n","aioseo_head_json":{"title":"Chonchi fue escenario de emotiva jornada por el Bicentenario de Chilo\u00e9 y lanzamiento del concurso para crear su primera bandera \u00bb Ilustre Municipalidad de Chonchi","description":"En el marco de la conmemoraci\u00f3n de los 200 a\u00f1os de la creaci\u00f3n de la Provincia de Chilo\u00e9, la comuna de Chonchi fue escenario de una significativa jornada cultural y patrimonial, que estuvo encabezada por el gobernador regional de Los Lagos, Alejandra Santana Tirachini y el alcalde Fernando Oyarz\u00fan Mac\u00edas. La actividad tambi\u00e9n cont\u00f3 con","canonical_url":"https:\/\/municipalidadchonchi.cl\/web\/chonchi-fue-escenario-de-emotiva-jornada-por-el-bicentenario-de-chiloe-y-lanzamiento-del-concurso-para-crear-su-primera-bandera\/","robots":"max-image-preview:large","keywords":"","webmasterTools":{"miscellaneous":""},"schema":{"@context":"https:\/\/schema.org","@graph":[{"@type":"BlogPosting","@id":"https:\/\/municipalidadchonchi.cl\/web\/chonchi-fue-escenario-de-emotiva-jornada-por-el-bicentenario-de-chiloe-y-lanzamiento-del-concurso-para-crear-su-primera-bandera\/#blogposting","name":"Chonchi fue escenario de emotiva jornada por el Bicentenario de Chilo\u00e9 y lanzamiento del concurso para crear su primera bandera \u00bb Ilustre Municipalidad de Chonchi","headline":"Chonchi fue escenario de emotiva jornada por el Bicentenario de Chilo\u00e9 y lanzamiento del concurso para crear su primera bandera","author":{"@id":"https:\/\/municipalidadchonchi.cl\/web\/author\/esoto\/#author"},"publisher":{"@id":"https:\/\/municipalidadchonchi.cl\/web\/#organization"},"image":{"@type":"ImageObject","url":"https:\/\/municipalidadchonchi.cl\/web\/wp-content\/uploads\/2026\/09\/6-LANZAMIENTO-CONCURSO-BANDERA-DE-CHILOE.webp","width":1600,"height":1067,"caption":"LANZAMIENTO CONCURSO BANDERA DE CHILOE"},"datePublished":"2026-09-01T11:33:19-04:00","dateModified":"2026-09-01T11:33:19-04:00","inLanguage":"es-ES","mainEntityOfPage":{"@id":"https:\/\/municipalidadchonchi.cl\/web\/chonchi-fue-escenario-de-emotiva-jornada-por-el-bicentenario-de-chiloe-y-lanzamiento-del-concurso-para-crear-su-primera-bandera\/#webpage"},"isPartOf":{"@id":"https:\/\/municipalidadchonchi.cl\/web\/chonchi-fue-escenario-de-emotiva-jornada-por-el-bicentenario-de-chiloe-y-lanzamiento-del-concurso-para-crear-su-primera-bandera\/#webpage"},"articleSection":"Noticias, Galer\u00eda"},{"@type":"BreadcrumbList","@id":"https:\/\/municipalidadchonchi.cl\/web\/chonchi-fue-escenario-de-emotiva-jornada-por-el-bicentenario-de-chiloe-y-lanzamiento-del-concurso-para-crear-su-primera-bandera\/#breadcrumblist","itemListElement":[{"@type":"ListItem","@id":"https:\/\/municipalidadchonchi.cl\/web#listItem","position":1,"name":"Inicio","item":"https:\/\/municipalidadchonchi.cl\/web","nextItem":{"@type":"ListItem","@id":"https:\/\/municipalidadchonchi.cl\/web\/secciones\/noticias\/#listItem","name":"Noticias"}},{"@type":"ListItem","@id":"https:\/\/municipalidadchonchi.cl\/web\/secciones\/noticias\/#listItem","position":2,"name":"Noticias","item":"https:\/\/municipalidadchonchi.cl\/web\/secciones\/noticias\/","nextItem":{"@type":"ListItem","@id":"https:\/\/municipalidadchonchi.cl\/web\/chonchi-fue-escenario-de-emotiva-jornada-por-el-bicentenario-de-chiloe-y-lanzamiento-del-concurso-para-crear-su-primera-bandera\/#listItem","name":"Chonchi fue escenario de emotiva jornada por el Bicentenario de Chilo\u00e9 y lanzamiento del concurso para crear su primera bandera"},"previousItem":{"@type":"ListItem","@id":"https:\/\/municipalidadchonchi.cl\/web#listItem","name":"Inicio"}},{"@type":"ListItem","@id":"https:\/\/municipalidadchonchi.cl\/web\/chonchi-fue-escenario-de-emotiva-jornada-por-el-bicentenario-de-chiloe-y-lanzamiento-del-concurso-para-crear-su-primera-bandera\/#listItem","position":3,"name":"Chonchi fue escenario de emotiva jornada por el Bicentenario de Chilo\u00e9 y lanzamiento del concurso para crear su primera bandera","previousItem":{"@type":"ListItem","@id":"https:\/\/municipalidadchonchi.cl\/web\/secciones\/noticias\/#listItem","name":"Noticias"}}]},{"@type":"Organization","@id":"https:\/\/municipalidadchonchi.cl\/web\/#organization","name":"Ilustre Municipalidad de Chonchi","description":"Portal Municipal","url":"https:\/\/municipalidadchonchi.cl\/web\/","logo":{"@type":"ImageObject","url":"https:\/\/municipalidadchonchi.cl\/web\/wp-content\/uploads\/2020\/07\/logo-municipalidad-de-chonchi.png","@id":"https:\/\/municipalidadchonchi.cl\/web\/chonchi-fue-escenario-de-emotiva-jornada-por-el-bicentenario-de-chiloe-y-lanzamiento-del-concurso-para-crear-su-primera-bandera\/#organizationLogo","width":500,"height":150},"image":{"@id":"https:\/\/municipalidadchonchi.cl\/web\/chonchi-fue-escenario-de-emotiva-jornada-por-el-bicentenario-de-chiloe-y-lanzamiento-del-concurso-para-crear-su-primera-bandera\/#organizationLogo"},"sameAs":["https:\/\/www.facebook.com\/municipalidadchonchi","https:\/\/www.instagram.com\/municipalidadchonchi\/"]},{"@type":"Person","@id":"https:\/\/municipalidadchonchi.cl\/web\/author\/esoto\/#author","url":"https:\/\/municipalidadchonchi.cl\/web\/author\/esoto\/","name":"Emilio Soto Andrade","image":{"@type":"ImageObject","@id":"https:\/\/municipalidadchonchi.cl\/web\/chonchi-fue-escenario-de-emotiva-jornada-por-el-bicentenario-de-chiloe-y-lanzamiento-del-concurso-para-crear-su-primera-bandera\/#authorImage","url":"https:\/\/secure.gravatar.com\/avatar\/fef1e05c5e58ff0154bd232e0126480ed6cab73a273c826f87614514e7c6024d?s=96&d=mm&r=g","width":96,"height":96,"caption":"Emilio Soto Andrade"}},{"@type":"WebPage","@id":"https:\/\/municipalidadchonchi.cl\/web\/chonchi-fue-escenario-de-emotiva-jornada-por-el-bicentenario-de-chiloe-y-lanzamiento-del-concurso-para-crear-su-primera-bandera\/#webpage","url":"https:\/\/municipalidadchonchi.cl\/web\/chonchi-fue-escenario-de-emotiva-jornada-por-el-bicentenario-de-chiloe-y-lanzamiento-del-concurso-para-crear-su-primera-bandera\/","name":"Chonchi fue escenario de emotiva jornada por el Bicentenario de Chilo\u00e9 y lanzamiento del concurso para crear su primera bandera \u00bb Ilustre Municipalidad de Chonchi","description":"En el marco de la conmemoraci\u00f3n de los 200 a\u00f1os de la creaci\u00f3n de la Provincia de Chilo\u00e9, la comuna de Chonchi fue escenario de una significativa jornada cultural y patrimonial, que estuvo encabezada por el gobernador regional de Los Lagos, Alejandra Santana Tirachini y el alcalde Fernando Oyarz\u00fan Mac\u00edas. La actividad tambi\u00e9n cont\u00f3 con","inLanguage":"es-ES","isPartOf":{"@id":"https:\/\/municipalidadchonchi.cl\/web\/#website"},"breadcrumb":{"@id":"https:\/\/municipalidadchonchi.cl\/web\/chonchi-fue-escenario-de-emotiva-jornada-por-el-bicentenario-de-chiloe-y-lanzamiento-del-concurso-para-crear-su-primera-bandera\/#breadcrumblist"},"author":{"@id":"https:\/\/municipalidadchonchi.cl\/web\/author\/esoto\/#author"},"creator":{"@id":"https:\/\/municipalidadchonchi.cl\/web\/author\/esoto\/#author"},"image":{"@type":"ImageObject","url":"https:\/\/municipalidadchonchi.cl\/web\/wp-content\/uploads\/2026\/09\/6-LANZAMIENTO-CONCURSO-BANDERA-DE-CHILOE.webp","@id":"https:\/\/municipalidadchonchi.cl\/web\/chonchi-fue-escenario-de-emotiva-jornada-por-el-bicentenario-de-chiloe-y-lanzamiento-del-concurso-para-crear-su-primera-bandera\/#mainImage","width":1600,"height":1067,"caption":"LANZAMIENTO CONCURSO BANDERA DE CHILOE"},"primaryImageOfPage":{"@id":"https:\/\/municipalidadchonchi.cl\/web\/chonchi-fue-escenario-de-emotiva-jornada-por-el-bicentenario-de-chiloe-y-lanzamiento-del-concurso-para-crear-su-primera-bandera\/#mainImage"},"datePublished":"2026-09-01T11:33:19-04:00","dateModified":"2026-09-01T11:33:19-04:00"},{"@type":"WebSite","@id":"https:\/\/municipalidadchonchi.cl\/web\/#website","url":"https:\/\/municipalidadchonchi.cl\/web\/","name":"Ilustre Municipalidad de Chonchi","alternateName":"Municipalidad de Chonchi","description":"Portal Municipal","inLanguage":"es-ES","publisher":{"@id":"https:\/\/municipalidadchonchi.cl\/web\/#organization"}}]},"og:locale":"es_ES","og:site_name":"Ilustre Municipalidad de Chonchi \u00bb Portal Municipal","og:type":"article","og:title":"Chonchi fue escenario de emotiva jornada por el Bicentenario de Chilo\u00e9 y lanzamiento del concurso para crear su primera bandera \u00bb Ilustre Municipalidad de Chonchi","og:description":"En el marco de la conmemoraci\u00f3n de los 200 a\u00f1os de la creaci\u00f3n de la Provincia de Chilo\u00e9, la comuna de Chonchi fue escenario de una significativa jornada cultural y patrimonial, que estuvo encabezada por el gobernador regional de Los Lagos, Alejandra Santana Tirachini y el alcalde Fernando Oyarz\u00fan Mac\u00edas. La actividad tambi\u00e9n cont\u00f3 con","og:url":"https:\/\/municipalidadchonchi.cl\/web\/chonchi-fue-escenario-de-emotiva-jornada-por-el-bicentenario-de-chiloe-y-lanzamiento-del-concurso-para-crear-su-primera-bandera\/","og:image":"https:\/\/municipalidadchonchi.cl\/web\/wp-content\/uploads\/2026\/09\/6-LANZAMIENTO-CONCURSO-BANDERA-DE-CHILOE.webp","og:image:secure_url":"https:\/\/municipalidadchonchi.cl\/web\/wp-content\/uploads\/2026\/09\/6-LANZAMIENTO-CONCURSO-BANDERA-DE-CHILOE.webp","og:image:width":1600,"og:image:height":1067,"article:published_time":"2026-09-01T15:33:19+00:00","article:modified_time":"2026-09-01T15:33:19+00:00","article:publisher":"https:\/\/www.facebook.com\/municipalidadchonchi","twitter:card":"summary","twitter:title":"Chonchi fue escenario de emotiva jornada por el Bicentenario de Chilo\u00e9 y lanzamiento del concurso para crear su primera bandera \u00bb Ilustre Municipalidad de Chonchi","twitter:description":"En el marco de la conmemoraci\u00f3n de los 200 a\u00f1os de la creaci\u00f3n de la Provincia de Chilo\u00e9, la comuna de Chonchi fue escenario de una significativa jornada cultural y patrimonial, que estuvo encabezada por el gobernador regional de Los Lagos, Alejandra Santana Tirachini y el alcalde Fernando Oyarz\u00fan Mac\u00edas. La actividad tambi\u00e9n cont\u00f3 con","twitter:image":"https:\/\/municipalidadchonchi.cl\/web\/wp-content\/uploads\/2026\/09\/6-LANZAMIENTO-CONCURSO-BANDERA-DE-CHILOE.webp"},"aioseo_meta_data":{"post_id":"17550","title":null,"description":null,"keywords":null,"keyphrases":{"focus":{"keyphrase":"","score":0,"analysis":{"keyphraseInTitle":{"score":0,"maxScore":9,"error":1}}},"additional":[]},"primary_term":null,"canonical_url":null,"og_title":null,"og_description":null,"og_object_type":"default","og_image_type":"default","og_image_url":null,"og_image_width":null,"og_image_height":null,"og_image_custom_url":null,"og_image_custom_fields":null,"og_video":"","og_custom_url":null,"og_article_section":null,"og_article_tags":null,"twitter_use_og":true,"twitter_card":"default","twitter_image_type":"default","twitter_image_url":null,"twitter_image_custom_url":null,"twitter_image_custom_fields":null,"twitter_title":null,"twitter_description":null,"schema":{"blockGraphs":[],"customGraphs":[],"default":{"data":{"Article":[],"Course":[],"Dataset":[],"FAQPage":[],"Movie":[],"Person":[],"Product":[],"ProductReview":[],"Car":[],"Recipe":[],"Service":[],"SoftwareApplication":[],"WebPage":[]},"graphName":"BlogPosting","isEnabled":true},"graphs":[]},"schema_type":"default","schema_type_options":null,"pillar_content":false,"robots_default":true,"robots_noindex":false,"robots_noarchive":false,"robots_nosnippet":false,"robots_nofollow":false,"robots_noimageindex":false,"robots_noodp":false,"robots_notranslate":false,"robots_max_snippet":"-1","robots_max_videopreview":"-1","robots_max_imagepreview":"large","priority":null,"frequency":"default","local_seo":null,"breadcrumb_settings":null,"limit_modified_date":false,"ai":{"faqs":[],"keyPoints":[],"schemas":[],"titles":[],"descriptions":[],"socialPosts":{"email":{"subject":"","preview":"","content":""},"linkedin":[],"twitter":[],"facebook":[],"instagram":[]}},"created":"2026-09-01 15:33:19","updated":"2026-09-01 17:45:55","seo_analyzer_scan_date":null,"focus_keyword":null,"additional_keywords":null,"truseo_locale":null},"aioseo_breadcrumb":"<div class=\"aioseo-breadcrumbs\"><span class=\"aioseo-breadcrumb\">\n\t\t\t<a href=\"https:\/\/municipalidadchonchi.cl\/web\" title=\"Inicio\">Inicio<\/a>\n\t\t<\/span><span class=\"aioseo-breadcrumb-separator\">&raquo;<\/span><span class=\"aioseo-breadcrumb\">\n\t\t\t<a href=\"https:\/\/municipalidadchonchi.cl\/web\/secciones\/noticias\/\" title=\"Noticias\">Noticias<\/a>\n\t\t<\/span><span class=\"aioseo-breadcrumb-separator\">&raquo;<\/span><span class=\"aioseo-breadcrumb\">\n\t\t\tChonchi fue escenario de emotiva jornada por el Bicentenario de Chilo\u00e9 y lanzamiento del concurso para crear su primera bandera\n\t\t<\/span><\/div>","aioseo_breadcrumb_json":[{"label":"Inicio","link":"https:\/\/municipalidadchonchi.cl\/web"},{"label":"Noticias","link":"https:\/\/municipalidadchonchi.cl\/web\/secciones\/noticias\/"},{"label":"Chonchi fue escenario de emotiva jornada por el Bicentenario de Chilo\u00e9 y lanzamiento del concurso para crear su primera bandera","link":"https:\/\/municipalidadchonchi.cl\/web\/chonchi-fue-escenario-de-emotiva-jornada-por-el-bicentenario-de-chiloe-y-lanzamiento-del-concurso-para-crear-su-primera-bandera\/"}],"jetpack_sharing_enabled":true,"jetpack_featured_media_url":"https:\/\/municipalidadchonchi.cl\/web\/wp-content\/uploads\/2026\/09\/6-LANZAMIENTO-CONCURSO-BANDERA-DE-CHILOE.webp","_links":{"self":[{"href":"https:\/\/municipalidadchonchi.cl\/web\/wp-json\/wp\/v2\/posts\/17550","targetHints":{"allow":["GET"]}}],"collection":[{"href":"https:\/\/municipalidadchonchi.cl\/web\/wp-json\/wp\/v2\/posts"}],"about":[{"href":"https:\/\/municipalidadchonchi.cl\/web\/wp-json\/wp\/v2\/types\/post"}],"author":[{"embeddable":true,"href":"https:\/\/municipalidadchonchi.cl\/web\/wp-json\/wp\/v2\/users\/5"}],"replies":[{"embeddable":true,"href":"https:\/\/municipalidadchonchi.cl\/web\/wp-json\/wp\/v2\/comments?post=17550"}],"version-history":[{"count":1,"href":"https:\/\/municipalidadchonchi.cl\/web\/wp-json\/wp\/v2\/posts\/17550\/revisions"}],"predecessor-version":[{"id":17558,"href":"https:\/\/municipalidadchonchi.cl\/web\/wp-json\/wp\/v2\/posts\/17550\/revisions\/17558"}],"wp:featuredmedia":[{"embeddable":true,"href":"https:\/\/municipalidadchonchi.cl\/web\/wp-json\/wp\/v2\/media\/17553"}],"wp:attachment":[{"href":"https:\/\/municipalidadchonchi.cl\/web\/wp-json\/wp\/v2\/media?parent=17550"}],"wp:term":[{"taxonomy":"category","embeddable":true,"href":"https:\/\/municipalidadchonchi.cl\/web\/wp-json\/wp\/v2\/categories?post=17550"},{"taxonomy":"post_tag","embeddable":true,"href":"https:\/\/municipalidadchonchi.cl\/web\/wp-json\/wp\/v2\/tags?post=17550"}],"curies":[{"name":"wp","href":"https:\/\/api.w.org\/{rel}","templated":true}]}}