{"id":9695,"date":"2025-01-30T07:45:57","date_gmt":"2025-01-30T11:45:57","guid":{"rendered":"https:\/\/municipalidadchonchi.cl\/web\/?p=9695"},"modified":"2025-01-30T07:45:57","modified_gmt":"2025-01-30T11:45:57","slug":"este-domingo-5-festival-costumbrista-de-terao-alto","status":"publish","type":"post","link":"https:\/\/municipalidadchonchi.cl\/web\/este-domingo-5-festival-costumbrista-de-terao-alto\/","title":{"rendered":"ESTE DOMINGO 5\u00b0 \u201cFESTIVAL COSTUMBRISTA\u201d DE TERAO ALTO"},"content":{"rendered":"<p>El 5\u00b0 \u201cFestival Costumbrista de Terao Alto, de la comuna de Chonchi, se<br \/>\nencuentra organizando una vez m\u00e1s la junta de vecinos \u201cAna Aguilar\u201d para el<br \/>\nd\u00eda domingo 2 de febrero, a trav\u00e9s de un proyecto financiado por el Gobierno<br \/>\nRegional, el cual promete ser un gran panorama para este fin de semana.<\/p>\n<p>La actividad que cuenta con el auspicio del municipio de Chonchi, se<br \/>\ndesarrollar\u00e1 en el Parque Costumbrista de Terao Alto, ubicado a orilla de<br \/>\ncarretera camino a Queilen.<\/p>\n<p>Los asistentes podr\u00e1n, disfrutar de diferentes platos t\u00edpicos a partir de las 12<br \/>\nhoras, adem\u00e1s de artesan\u00eda y las agrupaciones \u201cTrikawe\u201d de Natri, \u201cFusi\u00f3n<br \/>\nFolcl\u00f3rica\u201d de Huillinco, el \u201cCharrito Mateo\u201d de Queilen, \u201cCepahui\u201d de<br \/>\nHuillinco, el humor y la picard\u00eda con \u201cAg\u00fcero Manquemilla y Los de la Isla\u201d<br \/>\nde Quell\u00f3n y para concluir bailando con \u201cArrebato Ranchero\u201d.<\/p>\n<p>As\u00ed lo se\u00f1al\u00f3 Laura Nauto, secretaria de la junta de vecinos \u201cAna Aguilar\u201d de<br \/>\nTerao Alto y coordinadora de este evento, quien mencion\u00f3 que el acceso al<br \/>\nrecinto es totalmente gratuito y que adem\u00e1s cuenta con un amplio<br \/>\nestacionamiento para comodidad y seguridad de las familias: \u201cTenemos<br \/>\nentrada liberada, un amplio estacionamiento, seguro, todas las comodidades<br \/>\npara que nos puedan visitar en familia\u201d.<\/p>\n<p><iframe data-src=\"https:\/\/www.facebook.com\/plugins\/video.php?height=316&#038;href=https%3A%2F%2Fwww.facebook.com%2Fmunicipalidadchonchi%2Fvideos%2F1616301933097756%2F&#038;show_text=false&#038;width=560&#038;t=0\" width=\"560\" height=\"316\" style=\"border:none;overflow:hidden\" scrolling=\"no\" frameborder=\"0\" allowfullscreen=\"true\" allow=\"autoplay; clipboard-write; encrypted-media; picture-in-picture; web-share\" allowFullScreen=\"true\" src=\"data:image\/svg+xml;base64,PHN2ZyB3aWR0aD0iMSIgaGVpZ2h0PSIxIiB4bWxucz0iaHR0cDovL3d3dy53My5vcmcvMjAwMC9zdmciPjwvc3ZnPg==\" class=\"lazyload\" data-load-mode=\"1\"><\/iframe><\/p>\n","protected":false},"excerpt":{"rendered":"<p>El 5\u00b0 \u201cFestival Costumbrista de Terao Alto, de la comuna de Chonchi, se encuentra organizando una vez m\u00e1s la junta de vecinos \u201cAna Aguilar\u201d para el d\u00eda domingo 2 de febrero, a trav\u00e9s de un proyecto financiado por el Gobierno Regional, el cual promete ser un gran panorama para este fin de semana. La actividad que cuenta con el auspicio del municipio de Chonchi, se desarrollar\u00e1 en el Parque Costumbrista de Terao Alto, ubicado a orilla de carretera camino a Queilen. Los asistentes podr\u00e1n, disfrutar de diferentes platos t\u00edpicos a partir de las 12 horas, adem\u00e1s de artesan\u00eda y las agrupaciones \u201cTrikawe\u201d de Natri, \u201cFusi\u00f3n Folcl\u00f3rica\u201d de Huillinco, el \u201cCharrito Mateo\u201d de Queilen, \u201cCepahui\u201d de Huillinco, el humor y la picard\u00eda con \u201cAg\u00fcero Manquemilla y Los de la Isla\u201d de Quell\u00f3n y para concluir bailando con \u201cArrebato Ranchero\u201d. As\u00ed lo se\u00f1al\u00f3 Laura Nauto, secretaria de la junta de vecinos \u201cAna Aguilar\u201d de Terao Alto y coordinadora de este evento, quien mencion\u00f3 que el acceso al recinto es totalmente gratuito y que adem\u00e1s cuenta con un amplio estacionamiento para comodidad y seguridad de las familias: \u201cTenemos entrada liberada, un amplio estacionamiento, seguro, todas las comodidades para que nos puedan visitar en familia\u201d.<\/p>\n","protected":false},"author":4,"featured_media":9696,"comment_status":"closed","ping_status":"open","sticky":false,"template":"","format":"standard","meta":{"_acf_changed":false,"om_disable_all_campaigns":false,"_monsterinsights_skip_tracking":false,"_monsterinsights_sitenote_active":false,"_monsterinsights_sitenote_note":"","_monsterinsights_sitenote_category":0,"_jetpack_memberships_contains_paid_content":false,"footnotes":""},"categories":[65],"tags":[],"class_list":["post-9695","post","type-post","status-publish","format-standard","has-post-thumbnail","hentry","category-noticias"],"acf":[],"aioseo_notices":[],"jetpack_featured_media_url":"https:\/\/municipalidadchonchi.cl\/web\/wp-content\/uploads\/2025\/01\/afiche-terao-alto-febrero.png","jetpack_sharing_enabled":true,"_links":{"self":[{"href":"https:\/\/municipalidadchonchi.cl\/web\/wp-json\/wp\/v2\/posts\/9695","targetHints":{"allow":["GET"]}}],"collection":[{"href":"https:\/\/municipalidadchonchi.cl\/web\/wp-json\/wp\/v2\/posts"}],"about":[{"href":"https:\/\/municipalidadchonchi.cl\/web\/wp-json\/wp\/v2\/types\/post"}],"author":[{"embeddable":true,"href":"https:\/\/municipalidadchonchi.cl\/web\/wp-json\/wp\/v2\/users\/4"}],"replies":[{"embeddable":true,"href":"https:\/\/municipalidadchonchi.cl\/web\/wp-json\/wp\/v2\/comments?post=9695"}],"version-history":[{"count":0,"href":"https:\/\/municipalidadchonchi.cl\/web\/wp-json\/wp\/v2\/posts\/9695\/revisions"}],"wp:featuredmedia":[{"embeddable":true,"href":"https:\/\/municipalidadchonchi.cl\/web\/wp-json\/wp\/v2\/media\/9696"}],"wp:attachment":[{"href":"https:\/\/municipalidadchonchi.cl\/web\/wp-json\/wp\/v2\/media?parent=9695"}],"wp:term":[{"taxonomy":"category","embeddable":true,"href":"https:\/\/municipalidadchonchi.cl\/web\/wp-json\/wp\/v2\/categories?post=9695"},{"taxonomy":"post_tag","embeddable":true,"href":"https:\/\/municipalidadchonchi.cl\/web\/wp-json\/wp\/v2\/tags?post=9695"}],"curies":[{"name":"wp","href":"https:\/\/api.w.org\/{rel}","templated":true}]}}