{"id":9699,"date":"2025-01-30T07:47:29","date_gmt":"2025-01-30T11:47:29","guid":{"rendered":"https:\/\/municipalidadchonchi.cl\/web\/?p=9699"},"modified":"2025-01-30T07:47:29","modified_gmt":"2025-01-30T11:47:29","slug":"comunidad-indigena-de-chanquin-palihue-realizara-este-sabado-su-primer-gran-curanto-al-hoyo","status":"publish","type":"post","link":"https:\/\/municipalidadchonchi.cl\/web\/comunidad-indigena-de-chanquin-palihue-realizara-este-sabado-su-primer-gran-curanto-al-hoyo\/","title":{"rendered":"COMUNIDAD INDIGENA DE CHANQUIN- PALIHUE REALIZARA ESTE SABADO SU PRIMER \u201cGRAN CURANTO AL HOYO\u201d"},"content":{"rendered":"<p>Como una forma de compartir y rescatar las tradiciones ancestrales de su<br \/>\npueblo, la Comunidad Ind\u00edgena de Chanquin-Palihue, invita para este s\u00e1bado<br \/>\n1 de febrero a la primera versi\u00f3n del \u201cGran Curanto al Hoyo\u201d, importante<br \/>\ninstancia que cuenta con el auspicio del municipio de Chonchi.<\/p>\n<p>Esta actividad, tiene como objetivo poder innovar en cuanto a los eventos que<br \/>\nofrecen a los turistas durante la \u00e9poca estival y, de paso poner en valor las<br \/>\npropias costumbres de las comunidades costeras.<\/p>\n<p>Alejandro Luna, presidente de la Comunidad Ind\u00edgena de Chanquin-Palihue,<br \/>\nse\u00f1al\u00f3: Estamos pensando en 150 a 170 platos en forma tradicional con la<br \/>\ngente de nuestra comunidad que tiene m\u00e1s experiencia, que alcanz\u00f3 a vivir<br \/>\ntodo el proceso de como se hac\u00eda ancestralmente\u201d.<\/p>\n<p>El dirigente social, agreg\u00f3 \u201cEsperamos que la gente, principalmente visitantes<br \/>\nvenga a conocer todo el proceso completo, que se entusiasmen, nos<br \/>\nacompa\u00f1en y puedan degustar\u201d.<\/p>\n<p>Por su parte, el Alcalde de Chonchi, Fernando Oyarz\u00fan Mac\u00edas, manifest\u00f3<br \/>\n\u201cEstamos invitando en nombre del Concejo Municipal para que participen de<br \/>\nesta hermosa actividad, donde a trav\u00e9s de la Direcci\u00f3n de Desarrollo<br \/>\nComunitario, DIDECO, dirigida por Eduardo Andrade estamos brindando<br \/>\ntodo nuestro apoyo para que este evento resulte de la mejor manera posible\u201d.<\/p>\n<p>Esta jornada que busca rescatar el rico patrimonio gastron\u00f3mico de Chilo\u00e9 y,<br \/>\nen particular de la zona del pacifico de la comuna de Chonchi, contar\u00e1<\/p>\n<p>adem\u00e1s con artesan\u00eda y m\u00fasica folcl\u00f3rica en vivo, en el recinto de la<br \/>\nComunidad Ind\u00edgena de Chanquin-Palihue, el que cuenta con un amplio<br \/>\nestacionamiento, ubicado pasado el puente bote.<\/p>\n","protected":false},"excerpt":{"rendered":"<p>Como una forma de compartir y rescatar las tradiciones ancestrales de su pueblo, la Comunidad Ind\u00edgena de Chanquin-Palihue, invita para este s\u00e1bado 1 de febrero a la primera versi\u00f3n del \u201cGran Curanto al Hoyo\u201d, importante instancia que cuenta con el auspicio del municipio de Chonchi. Esta actividad, tiene como objetivo poder innovar en cuanto a los eventos que ofrecen a los turistas durante la \u00e9poca estival y, de paso poner en valor las propias costumbres de las comunidades costeras. Alejandro Luna, presidente de la Comunidad Ind\u00edgena de Chanquin-Palihue, se\u00f1al\u00f3: Estamos pensando en 150 a 170 platos en forma tradicional con la gente de nuestra comunidad que tiene m\u00e1s experiencia, que alcanz\u00f3 a vivir todo el proceso de como se hac\u00eda ancestralmente\u201d. El dirigente social, agreg\u00f3 \u201cEsperamos que la gente, principalmente visitantes venga a conocer todo el proceso completo, que se entusiasmen, nos acompa\u00f1en y puedan degustar\u201d. Por su parte, el Alcalde de Chonchi, Fernando Oyarz\u00fan Mac\u00edas, manifest\u00f3 \u201cEstamos invitando en nombre del Concejo Municipal para que participen de esta hermosa actividad, donde a trav\u00e9s de la Direcci\u00f3n de Desarrollo Comunitario, DIDECO, dirigida por Eduardo Andrade estamos brindando todo nuestro apoyo para que este evento resulte de la mejor manera posible\u201d. Esta jornada que busca rescatar el rico patrimonio gastron\u00f3mico de Chilo\u00e9 y, en particular de la zona del pacifico de la comuna de Chonchi, contar\u00e1 adem\u00e1s con artesan\u00eda y m\u00fasica folcl\u00f3rica en vivo, en el recinto de la Comunidad Ind\u00edgena de Chanquin-Palihue, el que cuenta con un amplio estacionamiento, ubicado pasado el puente bote.<\/p>\n","protected":false},"author":4,"featured_media":9700,"comment_status":"closed","ping_status":"open","sticky":false,"template":"","format":"standard","meta":{"_acf_changed":false,"om_disable_all_campaigns":false,"_monsterinsights_skip_tracking":false,"_monsterinsights_sitenote_active":false,"_monsterinsights_sitenote_note":"","_monsterinsights_sitenote_category":0,"_jetpack_memberships_contains_paid_content":false,"footnotes":""},"categories":[65],"tags":[],"class_list":["post-9699","post","type-post","status-publish","format-standard","has-post-thumbnail","hentry","category-noticias"],"acf":[],"aioseo_notices":[],"jetpack_featured_media_url":"https:\/\/municipalidadchonchi.cl\/web\/wp-content\/uploads\/2025\/01\/AFICHE-CURANTO-DE-CHANQUIN-PALIHUE-1.jpg","jetpack_sharing_enabled":true,"_links":{"self":[{"href":"https:\/\/municipalidadchonchi.cl\/web\/wp-json\/wp\/v2\/posts\/9699","targetHints":{"allow":["GET"]}}],"collection":[{"href":"https:\/\/municipalidadchonchi.cl\/web\/wp-json\/wp\/v2\/posts"}],"about":[{"href":"https:\/\/municipalidadchonchi.cl\/web\/wp-json\/wp\/v2\/types\/post"}],"author":[{"embeddable":true,"href":"https:\/\/municipalidadchonchi.cl\/web\/wp-json\/wp\/v2\/users\/4"}],"replies":[{"embeddable":true,"href":"https:\/\/municipalidadchonchi.cl\/web\/wp-json\/wp\/v2\/comments?post=9699"}],"version-history":[{"count":0,"href":"https:\/\/municipalidadchonchi.cl\/web\/wp-json\/wp\/v2\/posts\/9699\/revisions"}],"wp:featuredmedia":[{"embeddable":true,"href":"https:\/\/municipalidadchonchi.cl\/web\/wp-json\/wp\/v2\/media\/9700"}],"wp:attachment":[{"href":"https:\/\/municipalidadchonchi.cl\/web\/wp-json\/wp\/v2\/media?parent=9699"}],"wp:term":[{"taxonomy":"category","embeddable":true,"href":"https:\/\/municipalidadchonchi.cl\/web\/wp-json\/wp\/v2\/categories?post=9699"},{"taxonomy":"post_tag","embeddable":true,"href":"https:\/\/municipalidadchonchi.cl\/web\/wp-json\/wp\/v2\/tags?post=9699"}],"curies":[{"name":"wp","href":"https:\/\/api.w.org\/{rel}","templated":true}]}}