{"id":9702,"date":"2025-01-30T07:48:51","date_gmt":"2025-01-30T11:48:51","guid":{"rendered":"https:\/\/municipalidadchonchi.cl\/web\/?p=9702"},"modified":"2025-01-30T07:48:51","modified_gmt":"2025-01-30T11:48:51","slug":"este-sabado-fiesta-de-las-tradiciones-de-quiao","status":"publish","type":"post","link":"https:\/\/municipalidadchonchi.cl\/web\/este-sabado-fiesta-de-las-tradiciones-de-quiao\/","title":{"rendered":"ESTE SABADO \u201cFIESTA DE LAS TRADICIONES DE QUIAO\u201d"},"content":{"rendered":"<p>Una especial invitaci\u00f3n se encuentra haciendo el Comit\u00e9 de Agua Potable<br \/>\nRural de Quiao-Notu\u00e9, para participar este s\u00e1bado 1 de febrero de su tercera<br \/>\n\u201cFiesta de las Tradiciones de Quiao\u201d, actividad que cuenta con el auspicio del<br \/>\nmunicipio de Chonchi.<\/p>\n<p>El evento que se realizar\u00e1 en la ex escuela del lugar se iniciar\u00e1 con la<br \/>\nceremonia de inauguraci\u00f3n, la cual est\u00e1 prevista para las 13 horas y donde se<br \/>\ncontempla las presentaciones de diversas agrupaciones folcl\u00f3ricas y de<br \/>\nvariados platos t\u00edpicos para deleite de los asistentes.<\/p>\n<p>Fernando Brice\u00f1o, presidente del Comit\u00e9 de Agua Potable Rural de Quiao-<br \/>\nNotu\u00e9, se\u00f1al\u00f3 que con el fin de acercar al p\u00fablico al evento, se contar\u00e1 con<br \/>\nmovilizaci\u00f3n que saldr\u00e1 a las 12 horas desde la Copec de Chonchi: \u201cTenemos<br \/>\ntransporte de Chonchi hasta Quiao, donde tipo a las 12 del d\u00eda saldr\u00e1 hacia el<br \/>\nrecinto para para estar inaugurando nuestra actividad a la una de la tarde\u201d.<\/p>\n<p>Por su parte, Sergio Vel\u00e1squez, secretario del Comit\u00e9 de Agua Potable Rural y<br \/>\npresidente de la junta de vecinos de Quiao, detall\u00f3 los grupos que estar\u00e1n<br \/>\nencargados de animar esta actividad: \u201cTendremos al grupo Temporal, la<br \/>\nRancherita Tiare de Huillinco, la agrupaci\u00f3n de adultos mayores Voces del<br \/>\nRecuerdo, Herencia de Chilo\u00e9 y para terminar con el grupo Los Relampagos<br \/>\nde Chilo\u00e9\u201d.<\/p>\n<p>Sum\u00f3 que entre los principales platos t\u00edpicos que ofrecer\u00e1n en esta<br \/>\noportunidad se destaca el asado de cordero, curanto en olla, empanadas,<br \/>\nsalm\u00f3n frito, adem\u00e1s de faenas t\u00edpicas como la esquila de oveja, elaboraci\u00f3n<br \/>\nde tejuelas y la hiladura de lana y juegos para los ni\u00f1os\u201d.<\/p>\n<p>En tanto, el Alcalde de Chonchi, Fernando Oyarz\u00fan Mac\u00edas, manifest\u00f3<br \/>\n\u201cQueremos sumarnos en nombre del Concejo Municipal para que participen<br \/>\nde esta hermosa actividad que es tradicional, donde a trav\u00e9s de la Direcci\u00f3n de<br \/>\nDesarrollo Comunitario, DIDECO, dirigida por Eduardo Andrade estamos<br \/>\nbrindando todo nuestro apoyo para que esta nueva versi\u00f3n sea todo un \u00e9xito\u201d.<\/p>\n<p>Quiao que significa \u201cTierra de Quilas\u201d en huilliche, se encuentra ubicado a 13<br \/>\nkil\u00f3metros desde la rotonda Huitauque frente al Lago Huillinco.<\/p>\n","protected":false},"excerpt":{"rendered":"<p>Una especial invitaci\u00f3n se encuentra haciendo el Comit\u00e9 de Agua Potable Rural de Quiao-Notu\u00e9, para participar este s\u00e1bado 1 de febrero de su tercera \u201cFiesta de las Tradiciones de Quiao\u201d, actividad que cuenta con el auspicio del municipio de Chonchi. El evento que se realizar\u00e1 en la ex escuela del lugar se iniciar\u00e1 con la ceremonia de inauguraci\u00f3n, la cual est\u00e1 prevista para las 13 horas y donde se contempla las presentaciones de diversas agrupaciones folcl\u00f3ricas y de variados platos t\u00edpicos para deleite de los asistentes. Fernando Brice\u00f1o, presidente del Comit\u00e9 de Agua Potable Rural de Quiao- Notu\u00e9, se\u00f1al\u00f3 que con el fin de acercar al p\u00fablico al evento, se contar\u00e1 con movilizaci\u00f3n que saldr\u00e1 a las 12 horas desde la Copec de Chonchi: \u201cTenemos transporte de Chonchi hasta Quiao, donde tipo a las 12 del d\u00eda saldr\u00e1 hacia el recinto para para estar inaugurando nuestra actividad a la una de la tarde\u201d. Por su parte, Sergio Vel\u00e1squez, secretario del Comit\u00e9 de Agua Potable Rural y presidente de la junta de vecinos de Quiao, detall\u00f3 los grupos que estar\u00e1n encargados de animar esta actividad: \u201cTendremos al grupo Temporal, la Rancherita Tiare de Huillinco, la agrupaci\u00f3n de adultos mayores Voces del Recuerdo, Herencia de Chilo\u00e9 y para terminar con el grupo Los Relampagos de Chilo\u00e9\u201d. Sum\u00f3 que entre los principales platos t\u00edpicos que ofrecer\u00e1n en esta oportunidad se destaca el asado de cordero, curanto en olla, empanadas, salm\u00f3n frito, adem\u00e1s de faenas t\u00edpicas como la esquila de oveja, elaboraci\u00f3n de tejuelas y la hiladura de lana y juegos para los ni\u00f1os\u201d. En tanto, el Alcalde de Chonchi, Fernando Oyarz\u00fan Mac\u00edas, manifest\u00f3 \u201cQueremos sumarnos en nombre del Concejo Municipal para que participen de esta hermosa actividad que es tradicional, donde a trav\u00e9s de la Direcci\u00f3n de Desarrollo Comunitario, DIDECO, dirigida por Eduardo Andrade estamos brindando todo nuestro apoyo para que esta nueva versi\u00f3n sea todo un \u00e9xito\u201d. Quiao que significa \u201cTierra de Quilas\u201d en huilliche, se encuentra ubicado a 13 kil\u00f3metros desde la rotonda Huitauque frente al Lago Huillinco.<\/p>\n","protected":false},"author":4,"featured_media":9580,"comment_status":"closed","ping_status":"open","sticky":false,"template":"","format":"standard","meta":{"_acf_changed":false,"om_disable_all_campaigns":false,"_monsterinsights_skip_tracking":false,"_monsterinsights_sitenote_active":false,"_monsterinsights_sitenote_note":"","_monsterinsights_sitenote_category":0,"_jetpack_memberships_contains_paid_content":false,"footnotes":""},"categories":[65],"tags":[],"class_list":["post-9702","post","type-post","status-publish","format-standard","has-post-thumbnail","hentry","category-noticias"],"acf":[],"aioseo_notices":[],"jetpack_featured_media_url":"https:\/\/municipalidadchonchi.cl\/web\/wp-content\/uploads\/2025\/01\/fiesta-quiao.jpg","jetpack_sharing_enabled":true,"_links":{"self":[{"href":"https:\/\/municipalidadchonchi.cl\/web\/wp-json\/wp\/v2\/posts\/9702","targetHints":{"allow":["GET"]}}],"collection":[{"href":"https:\/\/municipalidadchonchi.cl\/web\/wp-json\/wp\/v2\/posts"}],"about":[{"href":"https:\/\/municipalidadchonchi.cl\/web\/wp-json\/wp\/v2\/types\/post"}],"author":[{"embeddable":true,"href":"https:\/\/municipalidadchonchi.cl\/web\/wp-json\/wp\/v2\/users\/4"}],"replies":[{"embeddable":true,"href":"https:\/\/municipalidadchonchi.cl\/web\/wp-json\/wp\/v2\/comments?post=9702"}],"version-history":[{"count":0,"href":"https:\/\/municipalidadchonchi.cl\/web\/wp-json\/wp\/v2\/posts\/9702\/revisions"}],"wp:featuredmedia":[{"embeddable":true,"href":"https:\/\/municipalidadchonchi.cl\/web\/wp-json\/wp\/v2\/media\/9580"}],"wp:attachment":[{"href":"https:\/\/municipalidadchonchi.cl\/web\/wp-json\/wp\/v2\/media?parent=9702"}],"wp:term":[{"taxonomy":"category","embeddable":true,"href":"https:\/\/municipalidadchonchi.cl\/web\/wp-json\/wp\/v2\/categories?post=9702"},{"taxonomy":"post_tag","embeddable":true,"href":"https:\/\/municipalidadchonchi.cl\/web\/wp-json\/wp\/v2\/tags?post=9702"}],"curies":[{"name":"wp","href":"https:\/\/api.w.org\/{rel}","templated":true}]}}