{"id":9704,"date":"2025-01-30T07:50:25","date_gmt":"2025-01-30T11:50:25","guid":{"rendered":"https:\/\/municipalidadchonchi.cl\/web\/?p=9704"},"modified":"2025-01-30T07:50:25","modified_gmt":"2025-01-30T11:50:25","slug":"este-sabado-fiesta-costumbrista-kawin-suyai-en-dicham","status":"publish","type":"post","link":"https:\/\/municipalidadchonchi.cl\/web\/este-sabado-fiesta-costumbrista-kawin-suyai-en-dicham\/","title":{"rendered":"ESTE SABADO FIESTA COSTUMBRISTA \u201cKAWIN SUYAI\u201d EN DICHAM"},"content":{"rendered":"<p>La Comunidad Ind\u00edgena \u201cCaumin\u201d de Dicham, se encuentra invitando a su<br \/>\ntercera Fiesta Costumbrista \u201cKawin Suyai\u201d, (que significa fiesta de la<br \/>\nesperanza) que realizar\u00e1 este s\u00e1bado 1 de febrero, importante instancia que<br \/>\ncuenta con el auspicio del municipio de Chonchi.<\/p>\n<p>La actividad que se realizar\u00e1 desde las 12 horas en la ex escuela del sector,<br \/>\ntendr\u00e1 entre los principales invitados en la m\u00fasica la acordeonista Norma<br \/>\nAndrade de Tara, Sergio Colivoro, Trunahuen de Huillinco, Ra\u00edces de<br \/>\nNalhuitad, Esencia Juvenil de Chilo\u00e9 y el grupo Aventura para concluir<br \/>\nbailando.<\/p>\n<p>As\u00ed lo se\u00f1al\u00f3 Marcela G\u00f3mez, presidenta de la Comunidad Indigena<br \/>\n\u201cCaumin\u201d de Dicham, mencionando \u201cHabr\u00e1n variados platos como asado de<br \/>\ncordero, empanadas de carne y marisco, milcaos fritos al caldero, entre otros,<br \/>\nadem\u00e1s tendremos faenas de esquila de oveja a tijeron, hiladura de lana de<br \/>\noveja, confecci\u00f3n de canastos en manila y junquillo, artesan\u00eda y mucho m\u00e1s<br \/>\npara compartir con quienes nos visiten, por lo que quedan cordialmente<br \/>\ninvitados\u201d.<\/p>\n<p>En tanto, el Alcalde de Chonchi, Fernando Oyarz\u00fan Mac\u00edas, indic\u00f3 \u201cEn<br \/>\nnombre del Concejo Municipal nos sumamos a la invitaci\u00f3n realizada por la<br \/>\ncomunidad ind\u00edgena Caumin a disfrutar y acompa\u00f1ar esta gran fiesta<br \/>\ncostumbrista, donde a trav\u00e9s de la Direcci\u00f3n de Desarrollo Comunitario,<br \/>\nDIDECO, dirigida por don Eduardo Andrade tambi\u00e9n estamos brindando todo<br \/>\nnuestro apoyo para que esta nueva edici\u00f3n sea muy exitosa\u201d.<\/p>\n","protected":false},"excerpt":{"rendered":"<p>La Comunidad Ind\u00edgena \u201cCaumin\u201d de Dicham, se encuentra invitando a su tercera Fiesta Costumbrista \u201cKawin Suyai\u201d, (que significa fiesta de la esperanza) que realizar\u00e1 este s\u00e1bado 1 de febrero, importante instancia que cuenta con el auspicio del municipio de Chonchi. La actividad que se realizar\u00e1 desde las 12 horas en la ex escuela del sector, tendr\u00e1 entre los principales invitados en la m\u00fasica la acordeonista Norma Andrade de Tara, Sergio Colivoro, Trunahuen de Huillinco, Ra\u00edces de Nalhuitad, Esencia Juvenil de Chilo\u00e9 y el grupo Aventura para concluir bailando. As\u00ed lo se\u00f1al\u00f3 Marcela G\u00f3mez, presidenta de la Comunidad Indigena \u201cCaumin\u201d de Dicham, mencionando \u201cHabr\u00e1n variados platos como asado de cordero, empanadas de carne y marisco, milcaos fritos al caldero, entre otros, adem\u00e1s tendremos faenas de esquila de oveja a tijeron, hiladura de lana de oveja, confecci\u00f3n de canastos en manila y junquillo, artesan\u00eda y mucho m\u00e1s para compartir con quienes nos visiten, por lo que quedan cordialmente invitados\u201d. En tanto, el Alcalde de Chonchi, Fernando Oyarz\u00fan Mac\u00edas, indic\u00f3 \u201cEn nombre del Concejo Municipal nos sumamos a la invitaci\u00f3n realizada por la comunidad ind\u00edgena Caumin a disfrutar y acompa\u00f1ar esta gran fiesta costumbrista, donde a trav\u00e9s de la Direcci\u00f3n de Desarrollo Comunitario, DIDECO, dirigida por don Eduardo Andrade tambi\u00e9n estamos brindando todo nuestro apoyo para que esta nueva edici\u00f3n sea muy exitosa\u201d.<\/p>\n","protected":false},"author":4,"featured_media":9705,"comment_status":"closed","ping_status":"open","sticky":false,"template":"","format":"standard","meta":{"_acf_changed":false,"om_disable_all_campaigns":false,"_monsterinsights_skip_tracking":false,"_monsterinsights_sitenote_active":false,"_monsterinsights_sitenote_note":"","_monsterinsights_sitenote_category":0,"_jetpack_memberships_contains_paid_content":false,"footnotes":""},"categories":[65],"tags":[],"class_list":["post-9704","post","type-post","status-publish","format-standard","has-post-thumbnail","hentry","category-noticias"],"acf":[],"aioseo_notices":[],"jetpack_featured_media_url":"https:\/\/municipalidadchonchi.cl\/web\/wp-content\/uploads\/2025\/01\/AFICHE-DICHAM-2025.jpg","jetpack_sharing_enabled":true,"_links":{"self":[{"href":"https:\/\/municipalidadchonchi.cl\/web\/wp-json\/wp\/v2\/posts\/9704","targetHints":{"allow":["GET"]}}],"collection":[{"href":"https:\/\/municipalidadchonchi.cl\/web\/wp-json\/wp\/v2\/posts"}],"about":[{"href":"https:\/\/municipalidadchonchi.cl\/web\/wp-json\/wp\/v2\/types\/post"}],"author":[{"embeddable":true,"href":"https:\/\/municipalidadchonchi.cl\/web\/wp-json\/wp\/v2\/users\/4"}],"replies":[{"embeddable":true,"href":"https:\/\/municipalidadchonchi.cl\/web\/wp-json\/wp\/v2\/comments?post=9704"}],"version-history":[{"count":0,"href":"https:\/\/municipalidadchonchi.cl\/web\/wp-json\/wp\/v2\/posts\/9704\/revisions"}],"wp:featuredmedia":[{"embeddable":true,"href":"https:\/\/municipalidadchonchi.cl\/web\/wp-json\/wp\/v2\/media\/9705"}],"wp:attachment":[{"href":"https:\/\/municipalidadchonchi.cl\/web\/wp-json\/wp\/v2\/media?parent=9704"}],"wp:term":[{"taxonomy":"category","embeddable":true,"href":"https:\/\/municipalidadchonchi.cl\/web\/wp-json\/wp\/v2\/categories?post=9704"},{"taxonomy":"post_tag","embeddable":true,"href":"https:\/\/municipalidadchonchi.cl\/web\/wp-json\/wp\/v2\/tags?post=9704"}],"curies":[{"name":"wp","href":"https:\/\/api.w.org\/{rel}","templated":true}]}}