{"id":9709,"date":"2025-01-31T08:26:03","date_gmt":"2025-01-31T12:26:03","guid":{"rendered":"https:\/\/municipalidadchonchi.cl\/web\/?p=9709"},"modified":"2025-01-31T08:26:03","modified_gmt":"2025-01-31T12:26:03","slug":"este-sabado-fiesta-costumbrista-de-terao-bajo","status":"publish","type":"post","link":"https:\/\/municipalidadchonchi.cl\/web\/este-sabado-fiesta-costumbrista-de-terao-bajo\/","title":{"rendered":"ESTE SABADO \u201cFIESTA COSTUMBRISTA DE TERAO BAJO\u201d"},"content":{"rendered":"<p>La junta de vecinos N\u00b09 El Arrayan en conjunto a las dem\u00e1s organizaciones<br \/>\nsociales del sector est\u00e1 invitando para este s\u00e1bado 1 de febrero a participar de<br \/>\nla 6\u00b0 versi\u00f3n de su \u201cFestival Costumbrista y Fiesta Campesina\u201d de Terao Bajo.<\/p>\n<p>Este tradicional evento que es auspiciado por el municipio de Chonchi, donde<br \/>\nparticipan las organizaciones Club deportivo San Antonio, Club deportivo<br \/>\nNazareno, Agrupaci\u00f3n de Artesanas, Comunidad Ind\u00edgena Chaucun y escuela<br \/>\nBosque Aldea, comenzar\u00e1 con la venta de variados platos t\u00edpicos desde las 13<br \/>\nhoras, entre ellos curanto al hoyo, chochoca, asado de cordero, asado de<br \/>\nlech\u00f3n, cazuelas de cordero y gallina de campo, salm\u00f3n frito, empanadas de<br \/>\nmarisco, milcao al caldero, adem\u00e1s de reposter\u00eda.<\/p>\n<p>As\u00ed lo mencion\u00f3 Alejandra Andrade, presidenta de la junta de vecinos N\u00b09 \u201cEl<br \/>\nArrayan\u201d de Terao Bajo, mencionando \u201cTodos los vecinos, los turistas pueden<br \/>\nvenir a almorzar y quedarse toda la tarde disfrutando del show porque estar\u00e1n<br \/>\nacompa\u00f1ando cultores de nuestro sector, adem\u00e1s de Trunahuen de Huillinco y<br \/>\nTrigal de Castro, a quienes aprovecho de agradecer porque nos apoyan todos<br \/>\nlos a\u00f1os. Adem\u00e1s, tendremos concursos y regalos para los ni\u00f1os, gracias a<br \/>\nCamanchaca que tambi\u00e9n nos est\u00e1 auspiciando y para finalizar con una gran<br \/>\nfiesta a cargo del Trio Salvaje\u201d.<\/p>\n<p>La dirigente social, asimismo agradeci\u00f3 al municipio de Chonchi, encabezado<br \/>\npor su Alcalde, Fernando Oyarz\u00fan Mac\u00edas y al Concejo Municipal junto a los<br \/>\nfuncionarios por estar siempre apoyando esta tradicional actividad que se<br \/>\ndesarrolla en la \u00e9poca estival.<\/p>\n<p>Por \u00faltimo, record\u00f3 que el recinto de la junta de vecinos N\u00b09 \u201cEl Arrayan\u201d de<br \/>\nTerao Bajo, se encuentra ubicado a 15 kil\u00f3metros por la carretera desde<br \/>\nChonchi camino a Queilen lado izquierdo, un kil\u00f3metro desde el cruce, el cual<br \/>\nva estar debidamente se\u00f1alizado.<\/p>\n<p>Por su parte, el Alcalde de Chonchi, Fernando Oyarz\u00fan Mac\u00edas, indic\u00f3 \u201cComo<br \/>\nmunicipio y en nombre de nuestro Concejo Municipal, estamos apoyando a<br \/>\nlos diferentes sectores y sus organizaciones, a trav\u00e9s de nuestro compromiso<br \/>\ncon la comunidad\u201d.<\/p>\n","protected":false},"excerpt":{"rendered":"<p>La junta de vecinos N\u00b09 El Arrayan en conjunto a las dem\u00e1s organizaciones sociales del sector est\u00e1 invitando para este s\u00e1bado 1 de febrero a participar de la 6\u00b0 versi\u00f3n de su \u201cFestival Costumbrista y Fiesta Campesina\u201d de Terao Bajo. Este tradicional evento que es auspiciado por el municipio de Chonchi, donde participan las organizaciones Club deportivo San Antonio, Club deportivo Nazareno, Agrupaci\u00f3n de Artesanas, Comunidad Ind\u00edgena Chaucun y escuela Bosque Aldea, comenzar\u00e1 con la venta de variados platos t\u00edpicos desde las 13 horas, entre ellos curanto al hoyo, chochoca, asado de cordero, asado de lech\u00f3n, cazuelas de cordero y gallina de campo, salm\u00f3n frito, empanadas de marisco, milcao al caldero, adem\u00e1s de reposter\u00eda. As\u00ed lo mencion\u00f3 Alejandra Andrade, presidenta de la junta de vecinos N\u00b09 \u201cEl Arrayan\u201d de Terao Bajo, mencionando \u201cTodos los vecinos, los turistas pueden venir a almorzar y quedarse toda la tarde disfrutando del show porque estar\u00e1n acompa\u00f1ando cultores de nuestro sector, adem\u00e1s de Trunahuen de Huillinco y Trigal de Castro, a quienes aprovecho de agradecer porque nos apoyan todos los a\u00f1os. Adem\u00e1s, tendremos concursos y regalos para los ni\u00f1os, gracias a Camanchaca que tambi\u00e9n nos est\u00e1 auspiciando y para finalizar con una gran fiesta a cargo del Trio Salvaje\u201d. La dirigente social, asimismo agradeci\u00f3 al municipio de Chonchi, encabezado por su Alcalde, Fernando Oyarz\u00fan Mac\u00edas y al Concejo Municipal junto a los funcionarios por estar siempre apoyando esta tradicional actividad que se desarrolla en la \u00e9poca estival. Por \u00faltimo, record\u00f3 que el recinto de la junta de vecinos N\u00b09 \u201cEl Arrayan\u201d de Terao Bajo, se encuentra ubicado a 15 kil\u00f3metros por la carretera desde Chonchi camino a Queilen lado izquierdo, un kil\u00f3metro desde el cruce, el cual va estar debidamente se\u00f1alizado. Por su parte, el Alcalde de Chonchi, Fernando Oyarz\u00fan Mac\u00edas, indic\u00f3 \u201cComo municipio y en nombre de nuestro Concejo Municipal, estamos apoyando a los diferentes sectores y sus organizaciones, a trav\u00e9s de nuestro compromiso con la comunidad\u201d.<\/p>\n","protected":false},"author":4,"featured_media":9710,"comment_status":"closed","ping_status":"open","sticky":false,"template":"","format":"standard","meta":{"_acf_changed":false,"om_disable_all_campaigns":false,"_monsterinsights_skip_tracking":false,"_monsterinsights_sitenote_active":false,"_monsterinsights_sitenote_note":"","_monsterinsights_sitenote_category":0,"_jetpack_memberships_contains_paid_content":false,"footnotes":""},"categories":[65],"tags":[],"class_list":["post-9709","post","type-post","status-publish","format-standard","has-post-thumbnail","hentry","category-noticias"],"acf":[],"aioseo_notices":[],"jetpack_featured_media_url":"https:\/\/municipalidadchonchi.cl\/web\/wp-content\/uploads\/2025\/01\/AFICHE-TERAO-BAJO.jpeg","jetpack_sharing_enabled":true,"_links":{"self":[{"href":"https:\/\/municipalidadchonchi.cl\/web\/wp-json\/wp\/v2\/posts\/9709","targetHints":{"allow":["GET"]}}],"collection":[{"href":"https:\/\/municipalidadchonchi.cl\/web\/wp-json\/wp\/v2\/posts"}],"about":[{"href":"https:\/\/municipalidadchonchi.cl\/web\/wp-json\/wp\/v2\/types\/post"}],"author":[{"embeddable":true,"href":"https:\/\/municipalidadchonchi.cl\/web\/wp-json\/wp\/v2\/users\/4"}],"replies":[{"embeddable":true,"href":"https:\/\/municipalidadchonchi.cl\/web\/wp-json\/wp\/v2\/comments?post=9709"}],"version-history":[{"count":0,"href":"https:\/\/municipalidadchonchi.cl\/web\/wp-json\/wp\/v2\/posts\/9709\/revisions"}],"wp:featuredmedia":[{"embeddable":true,"href":"https:\/\/municipalidadchonchi.cl\/web\/wp-json\/wp\/v2\/media\/9710"}],"wp:attachment":[{"href":"https:\/\/municipalidadchonchi.cl\/web\/wp-json\/wp\/v2\/media?parent=9709"}],"wp:term":[{"taxonomy":"category","embeddable":true,"href":"https:\/\/municipalidadchonchi.cl\/web\/wp-json\/wp\/v2\/categories?post=9709"},{"taxonomy":"post_tag","embeddable":true,"href":"https:\/\/municipalidadchonchi.cl\/web\/wp-json\/wp\/v2\/tags?post=9709"}],"curies":[{"name":"wp","href":"https:\/\/api.w.org\/{rel}","templated":true}]}}